{"id":13330,"date":"2020-03-03T20:20:18","date_gmt":"2020-03-03T19:20:18","guid":{"rendered":"http:\/\/agora.xtec.cat\/col-tarres\/?p=13330"},"modified":"2021-01-25T01:40:48","modified_gmt":"2021-01-25T00:40:48","slug":"avancament-horari","status":"publish","type":"post","link":"https:\/\/agora.xtec.cat\/col-tarres\/bloctarres\/avancament-horari\/","title":{"rendered":"El CE aprova l&#8217;avan\u00e7ament horari a partir del curs 2020-21"},"content":{"rendered":"<p>El <strong>Consell Escolar<\/strong> del centre, reunit avui &#8211; dia 3 de mar\u00e7 de 2020 &#8211; en sessi\u00f3 extraordin\u00e0ria, ha aprovat per consens de tots els seus integrants la modificaci\u00f3 de l&#8217;horari lectiu de l&#8217;Escola a proposta de la titularitat. D&#8217;aquesta manera, a partir del curs que ve 2020-2021, l&#8217;horari de les activitats lectives del centre seran les seg\u00fcents:<\/p>\n<ul style=\"list-style-type: square;\">\n<li><strong>Infantil i Prim\u00e0ria<\/strong>: de 8:45 a 13h i de 15 a 16:45h.<\/li>\n<li><strong>Secund\u00e0ria<\/strong>: de 8 a 13:05 i de 15:10 a 16:50h (dimecres i divendres a la tarda els alumnes tindran lliure).<\/li>\n<\/ul>\n<p>Aquesta modificaci\u00f3 ve donada com a conseq\u00fc\u00e8ncia d&#8217;una demanda cada vegada m\u00e9s extensa de fam\u00edlies de l&#8217;escola que volien avan\u00e7ar alguns minuts l&#8217;horari d&#8217;entrada al mat\u00ed per a poder permetre millor la coincilaci\u00f3 amb l&#8217;inici de la jornada laboral.<\/p>\n<p>D&#8217;aquesta manera, tamb\u00e9, es resol una problem\u00e0tica que s&#8217;havia vist incrementada els \u00faltims anys a causa de l&#8217;inici cada cop m\u00e9s aviat de les activiats extraescolars en altres centres externs a l&#8217;escola, ja que generalment aquestes comencen a les 17h.<\/p>\n<p>Recordem que aquesta modificaci\u00f3 no es dur\u00e0 a terme aquest mateix curs, sin\u00f3 a l&#8217;inici, al setembre d&#8217;enguany, del curs escolar 2020-2021.<\/p>\n","protected":false},"excerpt":{"rendered":"<p>El Consell Escolar del centre, reunit avui &#8211; dia 3 de mar\u00e7 de 2020 &#8211; en sessi\u00f3 extraordin\u00e0ria, ha aprovat [&hellip;]<\/p>\n","protected":false},"author":8,"featured_media":0,"comment_status":"open","ping_status":"closed","sticky":false,"template":"","format":"standard","meta":{"_bbp_topic_count":0,"_bbp_reply_count":0,"_bbp_total_topic_count":0,"_bbp_total_reply_count":0,"_bbp_voice_count":0,"_bbp_anonymous_reply_count":0,"_bbp_topic_count_hidden":0,"_bbp_reply_count_hidden":0,"_bbp_forum_subforum_count":0,"site-sidebar-layout":"default","site-content-layout":"","ast-site-content-layout":"","site-content-style":"default","site-sidebar-style":"default","ast-global-header-display":"","ast-banner-title-visibility":"","ast-main-header-display":"","ast-hfb-above-header-display":"","ast-hfb-below-header-display":"","ast-hfb-mobile-header-display":"","site-post-title":"","ast-breadcrumbs-content":"","ast-featured-img":"","footer-sml-layout":"","theme-transparent-header-meta":"","adv-header-id-meta":"","stick-header-meta":"","header-above-stick-meta":"","header-main-stick-meta":"","header-below-stick-meta":"","astra-migrate-meta-layouts":"default","ast-page-background-enabled":"default","ast-page-background-meta":{"desktop":{"background-color":"var(--ast-global-color-4)","background-image":"","background-repeat":"repeat","background-position":"center center","background-size":"auto","background-attachment":"scroll","background-type":"","background-media":"","overlay-type":"","overlay-color":"","overlay-opacity":"","overlay-gradient":""},"tablet":{"background-color":"","background-image":"","background-repeat":"repeat","background-position":"center center","background-size":"auto","background-attachment":"scroll","background-type":"","background-media":"","overlay-type":"","overlay-color":"","overlay-opacity":"","overlay-gradient":""},"mobile":{"background-color":"","background-image":"","background-repeat":"repeat","background-position":"center center","background-size":"auto","background-attachment":"scroll","background-type":"","background-media":"","overlay-type":"","overlay-color":"","overlay-opacity":"","overlay-gradient":""}},"ast-content-background-meta":{"desktop":{"background-color":"var(--ast-global-color-5)","background-image":"","background-repeat":"repeat","background-position":"center center","background-size":"auto","background-attachment":"scroll","background-type":"","background-media":"","overlay-type":"","overlay-color":"","overlay-opacity":"","overlay-gradient":""},"tablet":{"background-color":"var(--ast-global-color-5)","background-image":"","background-repeat":"repeat","background-position":"center center","background-size":"auto","background-attachment":"scroll","background-type":"","background-media":"","overlay-type":"","overlay-color":"","overlay-opacity":"","overlay-gradient":""},"mobile":{"background-color":"var(--ast-global-color-5)","background-image":"","background-repeat":"repeat","background-position":"center center","background-size":"auto","background-attachment":"scroll","background-type":"","background-media":"","overlay-type":"","overlay-color":"","overlay-opacity":"","overlay-gradient":""}},"footnotes":""},"categories":[1,29],"tags":[],"class_list":["post-13330","post","type-post","status-publish","format-standard","hentry","category-bloctarres","category-portada"],"post_mailing_queue_ids":[],"_links":{"self":[{"href":"https:\/\/agora.xtec.cat\/col-tarres\/wp-json\/wp\/v2\/posts\/13330","targetHints":{"allow":["GET"]}}],"collection":[{"href":"https:\/\/agora.xtec.cat\/col-tarres\/wp-json\/wp\/v2\/posts"}],"about":[{"href":"https:\/\/agora.xtec.cat\/col-tarres\/wp-json\/wp\/v2\/types\/post"}],"author":[{"embeddable":true,"href":"https:\/\/agora.xtec.cat\/col-tarres\/wp-json\/wp\/v2\/users\/8"}],"replies":[{"embeddable":true,"href":"https:\/\/agora.xtec.cat\/col-tarres\/wp-json\/wp\/v2\/comments?post=13330"}],"version-history":[{"count":3,"href":"https:\/\/agora.xtec.cat\/col-tarres\/wp-json\/wp\/v2\/posts\/13330\/revisions"}],"predecessor-version":[{"id":13342,"href":"https:\/\/agora.xtec.cat\/col-tarres\/wp-json\/wp\/v2\/posts\/13330\/revisions\/13342"}],"wp:attachment":[{"href":"https:\/\/agora.xtec.cat\/col-tarres\/wp-json\/wp\/v2\/media?parent=13330"}],"wp:term":[{"taxonomy":"category","embeddable":true,"href":"https:\/\/agora.xtec.cat\/col-tarres\/wp-json\/wp\/v2\/categories?post=13330"},{"taxonomy":"post_tag","embeddable":true,"href":"https:\/\/agora.xtec.cat\/col-tarres\/wp-json\/wp\/v2\/tags?post=13330"}],"curies":[{"name":"wp","href":"https:\/\/api.w.org\/{rel}","templated":true}]}}