{"id":13129,"date":"2020-12-18T12:49:07","date_gmt":"2020-12-18T11:49:07","guid":{"rendered":"http:\/\/agora.xtec.cat\/col-tarres\/?p=13129"},"modified":"2021-02-11T19:14:20","modified_gmt":"2021-02-11T18:14:20","slug":"bones-festes","status":"publish","type":"post","link":"https:\/\/agora.xtec.cat\/col-tarres\/primaria\/bones-festes\/","title":{"rendered":"Concert de Nadal 2020"},"content":{"rendered":"<p><a href=\"https:\/\/agora.xtec.cat\/col-tarres\/wp-content\/uploads\/usu1585\/2020\/12\/portada-concert-nadal-e1608295867313.png\"><img loading=\"lazy\" decoding=\"async\" class=\"aligncenter wp-image-13135\" src=\"https:\/\/agora.xtec.cat\/col-tarres\/wp-content\/uploads\/usu1585\/2020\/12\/portada-concert-nadal-e1608295867313.png\" alt=\"\" width=\"737\" height=\"420\" srcset=\"https:\/\/agora.xtec.cat\/col-tarres\/wp-content\/uploads\/usu1585\/2020\/12\/portada-concert-nadal-e1608295867313.png 1580w, https:\/\/agora.xtec.cat\/col-tarres\/wp-content\/uploads\/usu1585\/2020\/12\/portada-concert-nadal-e1608295867313-300x171.png 300w, https:\/\/agora.xtec.cat\/col-tarres\/wp-content\/uploads\/usu1585\/2020\/12\/portada-concert-nadal-e1608295867313-768x437.png 768w, https:\/\/agora.xtec.cat\/col-tarres\/wp-content\/uploads\/usu1585\/2020\/12\/portada-concert-nadal-e1608295867313-1024x583.png 1024w\" sizes=\"auto, (max-width: 737px) 100vw, 737px\" \/><\/a><\/p>\n<p>Aquest curs est\u00e0 essent diferent d&#8217;altres anys, per\u00f2 des de l&#8217;Escola intentem mantenir la normalitat en el m\u00e0xim d&#8217;aspectes que podem.<\/p>\n<p>Us presentem el concert de Nadal. Tot l&#8217;alumnat d&#8217;Educaci\u00f3 Infantil i Prim\u00e0ria ha gaudit preparant-lo i, com cada any, ha recitat un poema de Nadal i ha cantat una nadala.<\/p>\n<p>Podeu veure el concert per cicles clicant l&#8217;enlla\u00e7: <a href=\"https:\/\/drive.google.com\/file\/d\/1234Y3CiuAVCAqWCs1f9nK48LXmIo_Jih\/view?usp=sharing\">Educaci\u00f3 Infantil<\/a>, <a href=\"https:\/\/drive.google.com\/file\/d\/1v8DwodD3YS3-tJGHo-tDlifoOLHmSq8i\/view?usp=sharing\">Cicle Inicial<\/a>, <a href=\"https:\/\/drive.google.com\/file\/d\/1zALpNbmFMYtM3kgTznYE8m4tb9qj4iqI\/view?usp=sharing\">Cicle Mitj\u00e0<\/a>, <a href=\"https:\/\/drive.google.com\/file\/d\/1reJ23nETylWGjpedaD1AV-9ybS55d3Ev\/view?usp=sharing\">Cicle Superior<\/a><\/p>\n<p>Si preferiu veure&#8217;l sencer, cliqueu <a href=\"https:\/\/youtu.be\/QlLKGFv9FpI\">aqu\u00ed.<\/a><\/p>\n<p>Bones Festes!<\/p>\n<p><em>Claustre d&#8217;Infantil i Prim\u00e0ria<\/em><\/p>\n","protected":false},"excerpt":{"rendered":"<p>Aquest curs est\u00e0 essent diferent d&#8217;altres anys, per\u00f2 des de l&#8217;Escola intentem mantenir la normalitat en el m\u00e0xim d&#8217;aspectes que [&hellip;]<\/p>\n","protected":false},"author":5,"featured_media":13135,"comment_status":"open","ping_status":"closed","sticky":false,"template":"","format":"standard","meta":{"_bbp_topic_count":0,"_bbp_reply_count":0,"_bbp_total_topic_count":0,"_bbp_total_reply_count":0,"_bbp_voice_count":0,"_bbp_anonymous_reply_count":0,"_bbp_topic_count_hidden":0,"_bbp_reply_count_hidden":0,"_bbp_forum_subforum_count":0,"site-sidebar-layout":"default","site-content-layout":"","ast-site-content-layout":"","site-content-style":"default","site-sidebar-style":"default","ast-global-header-display":"","ast-banner-title-visibility":"","ast-main-header-display":"","ast-hfb-above-header-display":"","ast-hfb-below-header-display":"","ast-hfb-mobile-header-display":"","site-post-title":"","ast-breadcrumbs-content":"","ast-featured-img":"","footer-sml-layout":"","theme-transparent-header-meta":"","adv-header-id-meta":"","stick-header-meta":"","header-above-stick-meta":"","header-main-stick-meta":"","header-below-stick-meta":"","astra-migrate-meta-layouts":"default","ast-page-background-enabled":"default","ast-page-background-meta":{"desktop":{"background-color":"var(--ast-global-color-4)","background-image":"","background-repeat":"repeat","background-position":"center center","background-size":"auto","background-attachment":"scroll","background-type":"","background-media":"","overlay-type":"","overlay-color":"","overlay-opacity":"","overlay-gradient":""},"tablet":{"background-color":"","background-image":"","background-repeat":"repeat","background-position":"center center","background-size":"auto","background-attachment":"scroll","background-type":"","background-media":"","overlay-type":"","overlay-color":"","overlay-opacity":"","overlay-gradient":""},"mobile":{"background-color":"","background-image":"","background-repeat":"repeat","background-position":"center center","background-size":"auto","background-attachment":"scroll","background-type":"","background-media":"","overlay-type":"","overlay-color":"","overlay-opacity":"","overlay-gradient":""}},"ast-content-background-meta":{"desktop":{"background-color":"var(--ast-global-color-5)","background-image":"","background-repeat":"repeat","background-position":"center center","background-size":"auto","background-attachment":"scroll","background-type":"","background-media":"","overlay-type":"","overlay-color":"","overlay-opacity":"","overlay-gradient":""},"tablet":{"background-color":"var(--ast-global-color-5)","background-image":"","background-repeat":"repeat","background-position":"center center","background-size":"auto","background-attachment":"scroll","background-type":"","background-media":"","overlay-type":"","overlay-color":"","overlay-opacity":"","overlay-gradient":""},"mobile":{"background-color":"var(--ast-global-color-5)","background-image":"","background-repeat":"repeat","background-position":"center center","background-size":"auto","background-attachment":"scroll","background-type":"","background-media":"","overlay-type":"","overlay-color":"","overlay-opacity":"","overlay-gradient":""}},"footnotes":""},"categories":[30,29,8],"tags":[],"class_list":["post-13129","post","type-post","status-publish","format-standard","has-post-thumbnail","hentry","category-infantil","category-portada","category-primaria"],"post_mailing_queue_ids":[],"_links":{"self":[{"href":"https:\/\/agora.xtec.cat\/col-tarres\/wp-json\/wp\/v2\/posts\/13129","targetHints":{"allow":["GET"]}}],"collection":[{"href":"https:\/\/agora.xtec.cat\/col-tarres\/wp-json\/wp\/v2\/posts"}],"about":[{"href":"https:\/\/agora.xtec.cat\/col-tarres\/wp-json\/wp\/v2\/types\/post"}],"author":[{"embeddable":true,"href":"https:\/\/agora.xtec.cat\/col-tarres\/wp-json\/wp\/v2\/users\/5"}],"replies":[{"embeddable":true,"href":"https:\/\/agora.xtec.cat\/col-tarres\/wp-json\/wp\/v2\/comments?post=13129"}],"version-history":[{"count":4,"href":"https:\/\/agora.xtec.cat\/col-tarres\/wp-json\/wp\/v2\/posts\/13129\/revisions"}],"predecessor-version":[{"id":13553,"href":"https:\/\/agora.xtec.cat\/col-tarres\/wp-json\/wp\/v2\/posts\/13129\/revisions\/13553"}],"wp:featuredmedia":[{"embeddable":true,"href":"https:\/\/agora.xtec.cat\/col-tarres\/wp-json\/wp\/v2\/media\/13135"}],"wp:attachment":[{"href":"https:\/\/agora.xtec.cat\/col-tarres\/wp-json\/wp\/v2\/media?parent=13129"}],"wp:term":[{"taxonomy":"category","embeddable":true,"href":"https:\/\/agora.xtec.cat\/col-tarres\/wp-json\/wp\/v2\/categories?post=13129"},{"taxonomy":"post_tag","embeddable":true,"href":"https:\/\/agora.xtec.cat\/col-tarres\/wp-json\/wp\/v2\/tags?post=13129"}],"curies":[{"name":"wp","href":"https:\/\/api.w.org\/{rel}","templated":true}]}}