{"id":13021,"date":"2020-12-09T09:54:03","date_gmt":"2020-12-09T08:54:03","guid":{"rendered":"http:\/\/agora.xtec.cat\/col-tarres\/?p=13021"},"modified":"2021-02-11T19:34:16","modified_gmt":"2021-02-11T18:34:16","slug":"nadal-amb-solidaritat","status":"publish","type":"post","link":"https:\/\/agora.xtec.cat\/col-tarres\/eso\/nadal-amb-solidaritat\/","title":{"rendered":"Nadal amb Solidaritat 2020"},"content":{"rendered":"<p><a href=\"https:\/\/agora.xtec.cat\/col-tarres\/wp-content\/uploads\/usu1585\/2020\/12\/cartell-Nadal-solidari-2020-e1607516742528.png\"><img loading=\"lazy\" decoding=\"async\" class=\"aligncenter wp-image-13019\" src=\"https:\/\/agora.xtec.cat\/col-tarres\/wp-content\/uploads\/usu1585\/2020\/12\/cartell-Nadal-solidari-2020-e1607516742528.png\" alt=\"\" width=\"656\" height=\"361\" srcset=\"https:\/\/agora.xtec.cat\/col-tarres\/wp-content\/uploads\/usu1585\/2020\/12\/cartell-Nadal-solidari-2020-e1607516742528.png 1004w, https:\/\/agora.xtec.cat\/col-tarres\/wp-content\/uploads\/usu1585\/2020\/12\/cartell-Nadal-solidari-2020-e1607516742528-300x165.png 300w, https:\/\/agora.xtec.cat\/col-tarres\/wp-content\/uploads\/usu1585\/2020\/12\/cartell-Nadal-solidari-2020-e1607516742528-768x422.png 768w\" sizes=\"auto, (max-width: 656px) 100vw, 656px\" \/><\/a><\/p>\n<p>Ja tornem a ser a prop d\u2019aquests dies tan especials com s\u00f3n les <strong>f<\/strong><strong>estes de Nadal <\/strong>i, c<span style=\"font-family: inherit; font-size: 1em;\">om els darrers anys, des del <strong>Col\u00b7legi Tarr\u00e9s<\/strong> volem fer pal\u00e8s l&#8217;esperit de solidaritat de la nostra comunitat tot ajudant les fam\u00edlies de la nostra ciutat que ho necessiten.<\/span><\/p>\n<div class=\"\" data-block=\"true\" data-editor=\"8a37u\" data-offset-key=\"evgsu-0-0\">\n<p class=\"_1mf _1mj\" data-offset-key=\"evgsu-0-0\"><span data-offset-key=\"evgsu-0-0\">Per aix\u00f2, convidem les fam\u00edlies de l&#8217;Escola a col\u00b7laborar en la recollida de productes de primera necessitat que a continuaci\u00f3 us presentem:<\/span><\/p>\n<\/div>\n<ul>\n<li><strong>Fam\u00edlies d&#8217;Educaci\u00f3 Infantil i Prim\u00e0ria<\/strong>: productes d\u2019higiene personal i de la llar com desodorant, gel pel cos, xamp\u00fa, sab\u00f3 per les mans, pasta de dents, sab\u00f3 per la roba, sab\u00f3 pels plats, lleixiu, desinfectant&#8230; \u00a0Els dies de recollida seran <strong>de dimecres 9 fins dimarts 15 de desembre <\/strong>a les<strong> 17h.\u00a0<\/strong>Aquests productes els entregarem a <a href=\"https:\/\/diocesanaterrassa.caritas.es\/\">C\u00e0ritas Sabadell<\/a>, perqu\u00e8 els reparteixin a fam\u00edlies del barri.<\/li>\n<li><strong style=\"font-family: inherit; font-size: 1em;\">Fam\u00edlies d&#8217;Educaci\u00f3 Secund\u00e0ria<\/strong><span style=\"font-family: inherit; font-size: 1em;\">: recollida de joguines noves en col\u00b7laboraci\u00f3 amb la Creu Roja de Sabadell. Dilluns <\/span><strong style=\"font-family: inherit; font-size: 1em;\">21 de desembre, <\/strong><span style=\"font-family: inherit; font-size: 1em;\">els mateixos nois i noies seran els encarregats de portar-les a la <a href=\"https:\/\/purissimasabadell.org\/campanya-de-joguines\/\">Parr\u00f2quia de la Pur\u00edssima<\/a>, que \u00e9s qui en fa la recollida i distribuci\u00f3.<\/span><\/li>\n<\/ul>\n<p>Agra\u00efm per endavant la vostra col\u00b7laboraci\u00f3 i restem a la vostra disposici\u00f3 per a aclarir qualsevol dubte.<\/p>\n<p>Amb aquesta recollida, com cada any, l\u2019Escola i tots els que en formem part volem mostrar el nostre suport a totes les persones que pateixen situacions de vulnerabilitat.<\/p>\n<p>Confiem en la participaci\u00f3 de tothom!<\/p>\n<p>Col\u00b7laborem amb les seg\u00fcents entitats:<a href=\"https:\/\/agora.xtec.cat\/col-tarres\/wp-content\/uploads\/usu1585\/2020\/12\/creu-roja.png\"><br \/>\n<img loading=\"lazy\" decoding=\"async\" class=\"alignleft wp-image-13027\" src=\"https:\/\/agora.xtec.cat\/col-tarres\/wp-content\/uploads\/usu1585\/2020\/12\/creu-roja.png\" alt=\"\" width=\"359\" height=\"94\" srcset=\"https:\/\/agora.xtec.cat\/col-tarres\/wp-content\/uploads\/usu1585\/2020\/12\/creu-roja.png 1263w, https:\/\/agora.xtec.cat\/col-tarres\/wp-content\/uploads\/usu1585\/2020\/12\/creu-roja-300x78.png 300w, https:\/\/agora.xtec.cat\/col-tarres\/wp-content\/uploads\/usu1585\/2020\/12\/creu-roja-768x201.png 768w, https:\/\/agora.xtec.cat\/col-tarres\/wp-content\/uploads\/usu1585\/2020\/12\/creu-roja-1024x268.png 1024w\" sizes=\"auto, (max-width: 359px) 100vw, 359px\" \/><\/a><\/p>\n<p>&nbsp;<\/p>\n<p>&nbsp;<\/p>\n<p>&nbsp;<\/p>\n<p>#BonNadalPerATothom<\/p>\n","protected":false},"excerpt":{"rendered":"<p>Ja tornem a ser a prop d\u2019aquests dies tan especials com s\u00f3n les festes de Nadal i, com els darrers [&hellip;]<\/p>\n","protected":false},"author":8,"featured_media":13019,"comment_status":"open","ping_status":"closed","sticky":false,"template":"","format":"standard","meta":{"_bbp_topic_count":0,"_bbp_reply_count":0,"_bbp_total_topic_count":0,"_bbp_total_reply_count":0,"_bbp_voice_count":0,"_bbp_anonymous_reply_count":0,"_bbp_topic_count_hidden":0,"_bbp_reply_count_hidden":0,"_bbp_forum_subforum_count":0,"site-sidebar-layout":"default","site-content-layout":"","ast-site-content-layout":"","site-content-style":"default","site-sidebar-style":"default","ast-global-header-display":"","ast-banner-title-visibility":"","ast-main-header-display":"","ast-hfb-above-header-display":"","ast-hfb-below-header-display":"","ast-hfb-mobile-header-display":"","site-post-title":"","ast-breadcrumbs-content":"","ast-featured-img":"","footer-sml-layout":"","theme-transparent-header-meta":"","adv-header-id-meta":"","stick-header-meta":"","header-above-stick-meta":"","header-main-stick-meta":"","header-below-stick-meta":"","astra-migrate-meta-layouts":"default","ast-page-background-enabled":"default","ast-page-background-meta":{"desktop":{"background-color":"var(--ast-global-color-4)","background-image":"","background-repeat":"repeat","background-position":"center center","background-size":"auto","background-attachment":"scroll","background-type":"","background-media":"","overlay-type":"","overlay-color":"","overlay-opacity":"","overlay-gradient":""},"tablet":{"background-color":"","background-image":"","background-repeat":"repeat","background-position":"center center","background-size":"auto","background-attachment":"scroll","background-type":"","background-media":"","overlay-type":"","overlay-color":"","overlay-opacity":"","overlay-gradient":""},"mobile":{"background-color":"","background-image":"","background-repeat":"repeat","background-position":"center center","background-size":"auto","background-attachment":"scroll","background-type":"","background-media":"","overlay-type":"","overlay-color":"","overlay-opacity":"","overlay-gradient":""}},"ast-content-background-meta":{"desktop":{"background-color":"var(--ast-global-color-5)","background-image":"","background-repeat":"repeat","background-position":"center center","background-size":"auto","background-attachment":"scroll","background-type":"","background-media":"","overlay-type":"","overlay-color":"","overlay-opacity":"","overlay-gradient":""},"tablet":{"background-color":"var(--ast-global-color-5)","background-image":"","background-repeat":"repeat","background-position":"center center","background-size":"auto","background-attachment":"scroll","background-type":"","background-media":"","overlay-type":"","overlay-color":"","overlay-opacity":"","overlay-gradient":""},"mobile":{"background-color":"var(--ast-global-color-5)","background-image":"","background-repeat":"repeat","background-position":"center center","background-size":"auto","background-attachment":"scroll","background-type":"","background-media":"","overlay-type":"","overlay-color":"","overlay-opacity":"","overlay-gradient":""}},"footnotes":""},"categories":[30,29,8,3],"tags":[],"class_list":["post-13021","post","type-post","status-publish","format-standard","has-post-thumbnail","hentry","category-infantil","category-portada","category-primaria","category-eso"],"post_mailing_queue_ids":[],"_links":{"self":[{"href":"https:\/\/agora.xtec.cat\/col-tarres\/wp-json\/wp\/v2\/posts\/13021","targetHints":{"allow":["GET"]}}],"collection":[{"href":"https:\/\/agora.xtec.cat\/col-tarres\/wp-json\/wp\/v2\/posts"}],"about":[{"href":"https:\/\/agora.xtec.cat\/col-tarres\/wp-json\/wp\/v2\/types\/post"}],"author":[{"embeddable":true,"href":"https:\/\/agora.xtec.cat\/col-tarres\/wp-json\/wp\/v2\/users\/8"}],"replies":[{"embeddable":true,"href":"https:\/\/agora.xtec.cat\/col-tarres\/wp-json\/wp\/v2\/comments?post=13021"}],"version-history":[{"count":3,"href":"https:\/\/agora.xtec.cat\/col-tarres\/wp-json\/wp\/v2\/posts\/13021\/revisions"}],"predecessor-version":[{"id":13558,"href":"https:\/\/agora.xtec.cat\/col-tarres\/wp-json\/wp\/v2\/posts\/13021\/revisions\/13558"}],"wp:featuredmedia":[{"embeddable":true,"href":"https:\/\/agora.xtec.cat\/col-tarres\/wp-json\/wp\/v2\/media\/13019"}],"wp:attachment":[{"href":"https:\/\/agora.xtec.cat\/col-tarres\/wp-json\/wp\/v2\/media?parent=13021"}],"wp:term":[{"taxonomy":"category","embeddable":true,"href":"https:\/\/agora.xtec.cat\/col-tarres\/wp-json\/wp\/v2\/categories?post=13021"},{"taxonomy":"post_tag","embeddable":true,"href":"https:\/\/agora.xtec.cat\/col-tarres\/wp-json\/wp\/v2\/tags?post=13021"}],"curies":[{"name":"wp","href":"https:\/\/api.w.org\/{rel}","templated":true}]}}