{"id":12670,"date":"2020-09-03T01:37:10","date_gmt":"2020-09-02T23:37:10","guid":{"rendered":"http:\/\/agora.xtec.cat\/col-tarres\/?p=12670"},"modified":"2020-09-23T20:51:05","modified_gmt":"2020-09-23T18:51:05","slug":"pla-dobertura-curs-2020-2021","status":"publish","type":"post","link":"https:\/\/agora.xtec.cat\/col-tarres\/bloctarres\/pla-dobertura-curs-2020-2021\/","title":{"rendered":"Pla d\u2019Obertura 2020-2021"},"content":{"rendered":"<p><a href=\"https:\/\/agora.xtec.cat\/col-tarres\/wp-content\/uploads\/usu1585\/2020\/09\/PlaDEFINITU_annexos.pdf\"><img loading=\"lazy\" decoding=\"async\" class=\"alignnone wp-image-12705 size-full\" src=\"https:\/\/agora.xtec.cat\/col-tarres\/wp-content\/uploads\/usu1585\/2020\/09\/PlaObertura.png\" alt=\"\" width=\"1631\" height=\"199\" srcset=\"https:\/\/agora.xtec.cat\/col-tarres\/wp-content\/uploads\/usu1585\/2020\/09\/PlaObertura.png 1631w, https:\/\/agora.xtec.cat\/col-tarres\/wp-content\/uploads\/usu1585\/2020\/09\/PlaObertura-300x37.png 300w, https:\/\/agora.xtec.cat\/col-tarres\/wp-content\/uploads\/usu1585\/2020\/09\/PlaObertura-768x94.png 768w, https:\/\/agora.xtec.cat\/col-tarres\/wp-content\/uploads\/usu1585\/2020\/09\/PlaObertura-1024x125.png 1024w\" sizes=\"auto, (max-width: 1631px) 100vw, 1631px\" \/><\/a><\/p>\n<p>El passat dimarts, 1 de setembre, el <strong>Consell Escolar de l\u2019Escola Tarr\u00e9s<\/strong> va aprovar, en sessi\u00f3 extraordin\u00e0ria, el <a href=\"https:\/\/agora.xtec.cat\/col-tarres\/wp-content\/uploads\/usu1585\/2020\/09\/PlaDEFINITU_annexos.pdf\"><strong>Pla d\u2019Organitzaci\u00f3 b\u00e0sic d\u2019Obertura<\/strong><\/a> pel curs 2020-2021.<\/p>\n<p>Aquest pla \u00e9s imprescindible per l\u2019organitzaci\u00f3 del nou curs escolar en el marc de la pand\u00e8mia i ha estat elaborat conjuntament entre l\u2019Equip Directiu i \u00a0la titularitat del centre i amb el consens del Claustre d\u2019Infantil, Prim\u00e0ria i Secund\u00e0ria.<\/p>\n<p>A continuaci\u00f3 us detallem els punts m\u00e9s importants del Pla d\u2019Obertura del nostre centre.<\/p>\n<h4>NORMES GENERALS DE SEGURETAT<\/h4>\n<p>Com a norma general, tot l\u2019alumnat a partir de<strong> 6 anys<\/strong> (1r de Prim\u00e0ria) <strong>haur\u00e0 de portar mascareta des que arribi a l\u2019escola i mantenir-la posada en tot moment<\/strong>, rentar-se les mans unes cinc vegades durant la jornada escolar (a les entrades de l\u2019Escola i a l\u2019interior de totes les aules hi ha dispensadors de gel hidroalcoh\u00f2lic i als lavabos dispensadors de sab\u00f3 l\u00edquid i eixugamans d\u2019un sol \u00fas). Es mantindr\u00e0 la dist\u00e0ncia interpersonal d\u20191,5 m quan es relacionin amb persones que no siguin del seu grup classe (grup de conviv\u00e8ncia estable). Les classes es desinfectaran di\u00e0riament i es ventilaran sovint (de moment es mantindran les finestres obertes tant com sigui possible).<\/p>\n<p>Demanem a les fam\u00edlies que els infants i adolescents portin una mascareta de recanvi a la motxilla per si se la deixen o es trenca, perqu\u00e8 sense mascareta no podran entrar a l\u2019escola.<\/p>\n<h4>ACC\u00c9S A L\u2019ESCOLA: DECLARACI\u00d3 RESPONSABLE<\/h4>\n<p>Les fam\u00edlies han de fer-se responsables de l\u2019estat de salut dels seus fills\/es. A l\u2019inici del curs, signaran una <strong>declaraci\u00f3 responsable<\/strong> on faran constar que s\u00f3n coneixedores de la situaci\u00f3 actual de pand\u00e8mia amb el risc que aix\u00f2 comporta i que, per tant, s\u2019atendran a les mesures que puguin ser necess\u00e0ries en cada moment. Tamb\u00e9 es comprometen a no portar l\u2019infant o adolescent al centre educatiu en cas que presenti simptomatologia compatible amb la Covid-19 (trobareu un llistat de simptomatologia al dors de la Declaraci\u00f3) o l\u2019hagi presentat en els darrers 14 dies, i a comunicar-ho immediatament al seu CAP i als responsables del centre educatiu per tal de poder prendre les mesures oportunes.<\/p>\n<p>Per tal que els vostres fills\/es puguin accedir a l\u2019Escola cal que el primer dia de classe porteu signat <a href=\"https:\/\/agora.xtec.cat\/col-tarres\/wp-content\/uploads\/usu1585\/2020\/09\/DeclaracioResponsable_TARRES.pdf\">aquest document de declaraci\u00f3 responsable<\/a> i el lliureu al\/a la tutor\/a. Llegiu-lo atentament i observeu que us comprometeu a no portar el\/la vostre\/a fill\/a a l\u2019Escola en els casos que s\u2019expliciten en el document.<\/p>\n<h4>ENTRADES I SORTIDES DE L\u2019ESCOLA<\/h4>\n<p>S\u2019ha organitzat les entrades i sortides de l\u2019Escola de forma esglaonada per reduir les aglomeracions de persones. Sempre s\u2019ha d\u2019entrar i sortir de l\u2019Escola amb la mascareta posada i rentant-se les mans amb el gel hidroalcoh\u00f2lic. Preguem m\u00e0xima puntualitat.<\/p>\n<ul style=\"list-style-type: square;\">\n<li><a href=\"https:\/\/agora.xtec.cat\/col-tarres\/wp-content\/uploads\/usu1585\/2020\/09\/HorarisENTRADES-i-SORTIDES.pdf\">Prement aqu\u00ed<\/a> podeu consultar els horaris d\u2019entrades i sortides dels grups i l\u2019acc\u00e9s corresponent.<\/li>\n<li><a href=\"https:\/\/agora.xtec.cat\/col-tarres\/wp-content\/uploads\/usu1585\/2020\/09\/ProtocolENTRADASORTIDA.pdf\">Prement aqu\u00ed<\/a> podeu accedir al protocol d\u2019entrades i sortides.<\/li>\n<\/ul>\n<p>Dilluns 14 de setembre comen\u00e7ar\u00e0 el curs en el nou horari habitual.<\/p>\n<p>En el cas dels quatre cursos de <strong>Secund\u00e0ria<\/strong>, el dilluns 14 al mat\u00ed es far\u00e0 la presentaci\u00f3 del curs en el seg\u00fcent horari:<\/p>\n<ul style=\"list-style-type: square;\">\n<li><strong>1r i 3r d\u2019ESO<\/strong>: Hora d\u2019entrada: 8:20h, hora sortida: 10:40h<\/li>\n<li><strong>2n i 4t d\u2019ESO<\/strong>: Hora d\u2019entrada: 8.30h, hora sortida: 10:50h<\/li>\n<\/ul>\n<p>A la tarda comen\u00e7aran les classes en l\u2019horari habitual.<\/p>\n<p>Seguint les directrius del Departament d\u2019Educaci\u00f3 i per evitar tantes entrades i sortides a l\u2019Escola aquest curs, dimecres i divendres a la tarda no hi haur\u00e0 classe a l\u2019etapa de l\u2019ESO.<\/p>\n<h4>GRUPS ESTABLES DE CONVIV\u00c8NCIA<\/h4>\n<p>Els infants i adolescents formaran part d\u2019un grup estable que ser\u00e0 el seu grup de conviv\u00e8ncia. Aquests grups no es relacionaran entre si i, si ho han de fer, hauran de mantenir la dist\u00e0ncia de seguretat. A continuaci\u00f3 podeu consultar l\u2019<a href=\"https:\/\/agora.xtec.cat\/col-tarres\/wp-content\/uploads\/usu1585\/2020\/09\/OrganitzacioGRUPS.pdf\">organitzaci\u00f3 dels grups estables<\/a>.<\/p>\n<h4>DETECCI\u00d3 DE CASOS COMPATIBLES AMB LA COVID-19. PROTOCOLS<\/h4>\n<p>Podeu consultar el <a href=\"https:\/\/agora.xtec.cat\/col-tarres\/wp-content\/uploads\/usu1585\/2020\/09\/ProtocolCOVID.pdf\">protocol de detecci\u00f3 i seguiment de casos<\/a>. Fixeu-vos que el primer que fa l\u2019Escola \u00e9s comunicar a la fam\u00edlia que el seu fill\/a presenta s\u00edmptomes compatibles amb la COVID-19, per tal que vingui a recollir-lo\/la i es posi en mans de SALUT a trav\u00e9s del seu CAP. Aquest proc\u00e9s inicial desencadenar\u00e0 tot el seguiment i presa de decisions per part dels Departaments de Salut i d\u2019Educaci\u00f3.<\/p>\n<h4>REUNIONS DE FAM\u00cdLIES<\/h4>\n<p>Les reunions d\u2019inici de curs amb les fam\u00edlies hauran de ser telem\u00e0tiques a causa de les \u00faltimes restriccions del Govern de la Generalitat que limiten el nombre m\u00e0xim d\u2019assistents en una trobada a 10 persones. Igualment, els familiars no podran accedir a l\u2019Escola durant el curs a no ser que ho requereixi el\/la tutor\/a. Les comunicacions es podran fer per tel\u00e8fon o per correu electr\u00f2nic (disposeu del correu electr\u00f2nic dels tutors<a href=\"https:\/\/agora.xtec.cat\/col-tarres\/escola\/equiphuma\/\"> prement aqu\u00ed<\/a>).<\/p>\n<ul style=\"list-style-type: square;\">\n<li><a href=\"https:\/\/agora.xtec.cat\/col-tarres\/wp-content\/uploads\/usu1585\/2020\/09\/reunions.pdf\">Prement aqu\u00ed<\/a> podeu consultar els horaris i dies de les reunions d\u2019inici de curs amb les fam\u00edlies. L\u2019enlla\u00e7 de la reuni\u00f3, que es far\u00e0 amb la plataforma Meet, us l\u2019enviarem en una altra circular.<\/li>\n<\/ul>\n<h4>ORGANITZACI\u00d3 DEL SERVEI DE MENJADOR<\/h4>\n<p>Aquest curs, per una millor previsi\u00f3 del Servei de Menjador, demanem que us apunteu amb antelaci\u00f3 si el vostre fill\/a ha d\u2019utilitzar el servei.<\/p>\n<p><a href=\"https:\/\/agora.xtec.cat\/col-tarres\/wp-content\/uploads\/usu1585\/2020\/09\/SERVEI-DE-MENJADOR.pdf\">Prement aqu\u00ed<\/a> podeu consultar la informaci\u00f3 del Menjador i la butlleta que heu de fer arribar al correu electr\u00f2nic <a href=\"mailto:menjador@escolatarres.com\">menjador<span class=\"\"><span class=\"\"><span class=\"\">@escolatarres.com<\/span><\/span><\/span><\/a>.<\/p>\n<p>Per aquelles fam\u00edlies interessades en el funcionament del Servei de Menjador, us informem que hi haur\u00e0 una reuni\u00f3 telem\u00e0tica<strong> dimecres 9 de setembre a les 16h<\/strong>. Enviarem una circular amb l\u2019enlla\u00e7 a la plataforma Meet.<\/p>\n<h4>PREGUNTES O ACLARIMENTS<\/h4>\n<p>Us demanem que llegiu atentament els documents que us enllacem en aquest correu. Si despr\u00e9s d\u2019haver-los llegit teniu dubtes o preguntes us ho podr\u00e0 aclarir el\/la tutor\/a a la reuni\u00f3 telem\u00e0tica prevista.<\/p>\n<p>Restem a la vostra disposici\u00f3 pel que calgui. Demanem la vostra comprensi\u00f3 per tots els canvis que hem d\u2019afrontar i esperem que aquest curs es pugui desenvolupar amb la m\u00e0xima normalitat.<\/p>\n<p>Salutacions,<\/p>\n<p>Equip Directiu de l\u2019Escola Tarr\u00e9s<\/p>\n","protected":false},"excerpt":{"rendered":"<p>El passat dimarts, 1 de setembre, el Consell Escolar de l\u2019Escola Tarr\u00e9s va aprovar, en sessi\u00f3 extraordin\u00e0ria, el Pla d\u2019Organitzaci\u00f3 [&hellip;]<\/p>\n","protected":false},"author":8,"featured_media":0,"comment_status":"open","ping_status":"closed","sticky":false,"template":"","format":"standard","meta":{"_bbp_topic_count":0,"_bbp_reply_count":0,"_bbp_total_topic_count":0,"_bbp_total_reply_count":0,"_bbp_voice_count":0,"_bbp_anonymous_reply_count":0,"_bbp_topic_count_hidden":0,"_bbp_reply_count_hidden":0,"_bbp_forum_subforum_count":0,"site-sidebar-layout":"default","site-content-layout":"","ast-site-content-layout":"","site-content-style":"default","site-sidebar-style":"default","ast-global-header-display":"","ast-banner-title-visibility":"","ast-main-header-display":"","ast-hfb-above-header-display":"","ast-hfb-below-header-display":"","ast-hfb-mobile-header-display":"","site-post-title":"","ast-breadcrumbs-content":"","ast-featured-img":"","footer-sml-layout":"","theme-transparent-header-meta":"","adv-header-id-meta":"","stick-header-meta":"","header-above-stick-meta":"","header-main-stick-meta":"","header-below-stick-meta":"","astra-migrate-meta-layouts":"default","ast-page-background-enabled":"default","ast-page-background-meta":{"desktop":{"background-color":"var(--ast-global-color-4)","background-image":"","background-repeat":"repeat","background-position":"center center","background-size":"auto","background-attachment":"scroll","background-type":"","background-media":"","overlay-type":"","overlay-color":"","overlay-opacity":"","overlay-gradient":""},"tablet":{"background-color":"","background-image":"","background-repeat":"repeat","background-position":"center center","background-size":"auto","background-attachment":"scroll","background-type":"","background-media":"","overlay-type":"","overlay-color":"","overlay-opacity":"","overlay-gradient":""},"mobile":{"background-color":"","background-image":"","background-repeat":"repeat","background-position":"center center","background-size":"auto","background-attachment":"scroll","background-type":"","background-media":"","overlay-type":"","overlay-color":"","overlay-opacity":"","overlay-gradient":""}},"ast-content-background-meta":{"desktop":{"background-color":"var(--ast-global-color-5)","background-image":"","background-repeat":"repeat","background-position":"center center","background-size":"auto","background-attachment":"scroll","background-type":"","background-media":"","overlay-type":"","overlay-color":"","overlay-opacity":"","overlay-gradient":""},"tablet":{"background-color":"var(--ast-global-color-5)","background-image":"","background-repeat":"repeat","background-position":"center center","background-size":"auto","background-attachment":"scroll","background-type":"","background-media":"","overlay-type":"","overlay-color":"","overlay-opacity":"","overlay-gradient":""},"mobile":{"background-color":"var(--ast-global-color-5)","background-image":"","background-repeat":"repeat","background-position":"center center","background-size":"auto","background-attachment":"scroll","background-type":"","background-media":"","overlay-type":"","overlay-color":"","overlay-opacity":"","overlay-gradient":""}},"footnotes":""},"categories":[1,29],"tags":[],"class_list":["post-12670","post","type-post","status-publish","format-standard","hentry","category-bloctarres","category-portada"],"post_mailing_queue_ids":[],"_links":{"self":[{"href":"https:\/\/agora.xtec.cat\/col-tarres\/wp-json\/wp\/v2\/posts\/12670","targetHints":{"allow":["GET"]}}],"collection":[{"href":"https:\/\/agora.xtec.cat\/col-tarres\/wp-json\/wp\/v2\/posts"}],"about":[{"href":"https:\/\/agora.xtec.cat\/col-tarres\/wp-json\/wp\/v2\/types\/post"}],"author":[{"embeddable":true,"href":"https:\/\/agora.xtec.cat\/col-tarres\/wp-json\/wp\/v2\/users\/8"}],"replies":[{"embeddable":true,"href":"https:\/\/agora.xtec.cat\/col-tarres\/wp-json\/wp\/v2\/comments?post=12670"}],"version-history":[{"count":4,"href":"https:\/\/agora.xtec.cat\/col-tarres\/wp-json\/wp\/v2\/posts\/12670\/revisions"}],"predecessor-version":[{"id":12760,"href":"https:\/\/agora.xtec.cat\/col-tarres\/wp-json\/wp\/v2\/posts\/12670\/revisions\/12760"}],"wp:attachment":[{"href":"https:\/\/agora.xtec.cat\/col-tarres\/wp-json\/wp\/v2\/media?parent=12670"}],"wp:term":[{"taxonomy":"category","embeddable":true,"href":"https:\/\/agora.xtec.cat\/col-tarres\/wp-json\/wp\/v2\/categories?post=12670"},{"taxonomy":"post_tag","embeddable":true,"href":"https:\/\/agora.xtec.cat\/col-tarres\/wp-json\/wp\/v2\/tags?post=12670"}],"curies":[{"name":"wp","href":"https:\/\/api.w.org\/{rel}","templated":true}]}}