{"id":12505,"date":"2020-06-09T12:57:24","date_gmt":"2020-06-09T10:57:24","guid":{"rendered":"http:\/\/agora.xtec.cat\/col-tarres\/?p=12505"},"modified":"2021-01-26T12:59:29","modified_gmt":"2021-01-26T11:59:29","slug":"retrobament-de-lalumnat-de-primaria","status":"publish","type":"post","link":"https:\/\/agora.xtec.cat\/col-tarres\/primaria\/retrobament-de-lalumnat-de-primaria\/","title":{"rendered":"Retrobament de l&#8217;alumnat de Prim\u00e0ria (setmana del 8 al 12 de juny)"},"content":{"rendered":"<p><img loading=\"lazy\" decoding=\"async\" class=\"alignnone size-full wp-image-12513\" src=\"https:\/\/agora.xtec.cat\/col-tarres\/wp-content\/uploads\/usu1585\/2020\/06\/IMG_20200609_110657-c\u00f2pia.jpg\" alt=\"\" width=\"3365\" height=\"1535\" srcset=\"https:\/\/agora.xtec.cat\/col-tarres\/wp-content\/uploads\/usu1585\/2020\/06\/IMG_20200609_110657-c\u00f2pia.jpg 3365w, https:\/\/agora.xtec.cat\/col-tarres\/wp-content\/uploads\/usu1585\/2020\/06\/IMG_20200609_110657-c\u00f2pia-300x137.jpg 300w, https:\/\/agora.xtec.cat\/col-tarres\/wp-content\/uploads\/usu1585\/2020\/06\/IMG_20200609_110657-c\u00f2pia-768x350.jpg 768w, https:\/\/agora.xtec.cat\/col-tarres\/wp-content\/uploads\/usu1585\/2020\/06\/IMG_20200609_110657-c\u00f2pia-1024x467.jpg 1024w\" sizes=\"auto, (max-width: 3365px) 100vw, 3365px\" \/><\/p>\n<p>Avui, 9 de juny, l&#8217;alumnat de <strong>3r de Prim\u00e0ria ha tornat a l&#8217;Escola despr\u00e9s de 13 setmanes<\/strong> sense poder-ho fer a causa del confinament per la pand\u00e8mia de la Covid-19. Els infants s&#8217;han mostrat molt il\u00b7lusionats, emocionats i amb moltes ganes de poder gaudir d&#8217;una estoneta de conversa i joc amb els companys, les companyes i la tutora.<\/p>\n<p>A les 9h el primer grup de nens ha entrat a l&#8217;edifici per la porta del carrer Vallcorba, accedint directament al pati. En aquest espai han trobat les cadires per seure-hi <strong>posades en cercle<\/strong> i separades entre elles <strong>dos metres<\/strong> de dist\u00e0ncia. L&#8217;activitat ha durat una hora, els infants han recollit la bossa amb totes les pertinences que la tutora pr\u00e8viament havia preparat i s&#8217;ha donat per finalitzat el retrobament.<\/p>\n<p>Seguidament s&#8217;ha procedit a desinfectar les cadires i a esperar l&#8217;entrada del grup de les nenes que han arribat a 2\/4 d&#8217;11h.<\/p>\n<p>Dem\u00e0, dimecres, ser\u00e0 el torn pels infants de <strong>4t de Prim\u00e0ria<\/strong>, dijous pels nois i noies de <strong>5\u00e8<\/strong> i divendres pel grup de <strong>6\u00e8<\/strong>.<\/p>\n<p>Podeu veure les fotografies clicant <a href=\"https:\/\/photos.app.goo.gl\/iwhh4mySi19Au3VU8\">aqu\u00ed<\/a>.<\/p>\n","protected":false},"excerpt":{"rendered":"<p>Avui, 9 de juny, l&#8217;alumnat de 3r de Prim\u00e0ria ha tornat a l&#8217;Escola despr\u00e9s de 13 setmanes sense poder-ho fer [&hellip;]<\/p>\n","protected":false},"author":6,"featured_media":12513,"comment_status":"open","ping_status":"closed","sticky":false,"template":"","format":"standard","meta":{"_bbp_topic_count":0,"_bbp_reply_count":0,"_bbp_total_topic_count":0,"_bbp_total_reply_count":0,"_bbp_voice_count":0,"_bbp_anonymous_reply_count":0,"_bbp_topic_count_hidden":0,"_bbp_reply_count_hidden":0,"_bbp_forum_subforum_count":0,"site-sidebar-layout":"default","site-content-layout":"","ast-site-content-layout":"","site-content-style":"default","site-sidebar-style":"default","ast-global-header-display":"","ast-banner-title-visibility":"","ast-main-header-display":"","ast-hfb-above-header-display":"","ast-hfb-below-header-display":"","ast-hfb-mobile-header-display":"","site-post-title":"","ast-breadcrumbs-content":"","ast-featured-img":"","footer-sml-layout":"","theme-transparent-header-meta":"","adv-header-id-meta":"","stick-header-meta":"","header-above-stick-meta":"","header-main-stick-meta":"","header-below-stick-meta":"","astra-migrate-meta-layouts":"default","ast-page-background-enabled":"default","ast-page-background-meta":{"desktop":{"background-color":"var(--ast-global-color-4)","background-image":"","background-repeat":"repeat","background-position":"center center","background-size":"auto","background-attachment":"scroll","background-type":"","background-media":"","overlay-type":"","overlay-color":"","overlay-opacity":"","overlay-gradient":""},"tablet":{"background-color":"","background-image":"","background-repeat":"repeat","background-position":"center center","background-size":"auto","background-attachment":"scroll","background-type":"","background-media":"","overlay-type":"","overlay-color":"","overlay-opacity":"","overlay-gradient":""},"mobile":{"background-color":"","background-image":"","background-repeat":"repeat","background-position":"center center","background-size":"auto","background-attachment":"scroll","background-type":"","background-media":"","overlay-type":"","overlay-color":"","overlay-opacity":"","overlay-gradient":""}},"ast-content-background-meta":{"desktop":{"background-color":"var(--ast-global-color-5)","background-image":"","background-repeat":"repeat","background-position":"center center","background-size":"auto","background-attachment":"scroll","background-type":"","background-media":"","overlay-type":"","overlay-color":"","overlay-opacity":"","overlay-gradient":""},"tablet":{"background-color":"var(--ast-global-color-5)","background-image":"","background-repeat":"repeat","background-position":"center center","background-size":"auto","background-attachment":"scroll","background-type":"","background-media":"","overlay-type":"","overlay-color":"","overlay-opacity":"","overlay-gradient":""},"mobile":{"background-color":"var(--ast-global-color-5)","background-image":"","background-repeat":"repeat","background-position":"center center","background-size":"auto","background-attachment":"scroll","background-type":"","background-media":"","overlay-type":"","overlay-color":"","overlay-opacity":"","overlay-gradient":""}},"footnotes":""},"categories":[29,8],"tags":[],"class_list":["post-12505","post","type-post","status-publish","format-standard","has-post-thumbnail","hentry","category-portada","category-primaria"],"post_mailing_queue_ids":[],"_links":{"self":[{"href":"https:\/\/agora.xtec.cat\/col-tarres\/wp-json\/wp\/v2\/posts\/12505","targetHints":{"allow":["GET"]}}],"collection":[{"href":"https:\/\/agora.xtec.cat\/col-tarres\/wp-json\/wp\/v2\/posts"}],"about":[{"href":"https:\/\/agora.xtec.cat\/col-tarres\/wp-json\/wp\/v2\/types\/post"}],"author":[{"embeddable":true,"href":"https:\/\/agora.xtec.cat\/col-tarres\/wp-json\/wp\/v2\/users\/6"}],"replies":[{"embeddable":true,"href":"https:\/\/agora.xtec.cat\/col-tarres\/wp-json\/wp\/v2\/comments?post=12505"}],"version-history":[{"count":5,"href":"https:\/\/agora.xtec.cat\/col-tarres\/wp-json\/wp\/v2\/posts\/12505\/revisions"}],"predecessor-version":[{"id":12563,"href":"https:\/\/agora.xtec.cat\/col-tarres\/wp-json\/wp\/v2\/posts\/12505\/revisions\/12563"}],"wp:featuredmedia":[{"embeddable":true,"href":"https:\/\/agora.xtec.cat\/col-tarres\/wp-json\/wp\/v2\/media\/12513"}],"wp:attachment":[{"href":"https:\/\/agora.xtec.cat\/col-tarres\/wp-json\/wp\/v2\/media?parent=12505"}],"wp:term":[{"taxonomy":"category","embeddable":true,"href":"https:\/\/agora.xtec.cat\/col-tarres\/wp-json\/wp\/v2\/categories?post=12505"},{"taxonomy":"post_tag","embeddable":true,"href":"https:\/\/agora.xtec.cat\/col-tarres\/wp-json\/wp\/v2\/tags?post=12505"}],"curies":[{"name":"wp","href":"https:\/\/api.w.org\/{rel}","templated":true}]}}