{"id":11832,"date":"2020-02-16T20:22:56","date_gmt":"2020-02-16T19:22:56","guid":{"rendered":"http:\/\/agora.xtec.cat\/col-tarres\/?p=11832"},"modified":"2021-01-26T13:02:27","modified_gmt":"2021-01-26T12:02:27","slug":"taller-descriptura-amb-cal%c2%b7ligrafia-carolina-6e-ep","status":"publish","type":"post","link":"https:\/\/agora.xtec.cat\/col-tarres\/primaria\/taller-descriptura-amb-cal%c2%b7ligrafia-carolina-6e-ep\/","title":{"rendered":"Taller d&#8217;escriptura amb cal\u00b7ligrafia carol\u00edngia (6\u00e8)"},"content":{"rendered":"<p><a href=\"https:\/\/agora.xtec.cat\/col-tarres\/wp-content\/uploads\/usu1585\/2020\/02\/DSC_5106-e1581881193683.jpg\"><img loading=\"lazy\" decoding=\"async\" class=\"aligncenter size-full wp-image-11838\" src=\"https:\/\/agora.xtec.cat\/col-tarres\/wp-content\/uploads\/usu1585\/2020\/02\/DSC_5106-e1581881193683.jpg\" alt=\"\" width=\"1917\" height=\"1281\" srcset=\"https:\/\/agora.xtec.cat\/col-tarres\/wp-content\/uploads\/usu1585\/2020\/02\/DSC_5106-e1581881193683.jpg 1917w, https:\/\/agora.xtec.cat\/col-tarres\/wp-content\/uploads\/usu1585\/2020\/02\/DSC_5106-e1581881193683-300x200.jpg 300w, https:\/\/agora.xtec.cat\/col-tarres\/wp-content\/uploads\/usu1585\/2020\/02\/DSC_5106-e1581881193683-768x513.jpg 768w, https:\/\/agora.xtec.cat\/col-tarres\/wp-content\/uploads\/usu1585\/2020\/02\/DSC_5106-e1581881193683-1024x684.jpg 1024w\" sizes=\"auto, (max-width: 1917px) 100vw, 1917px\" \/><\/a><\/p>\n<p>El <strong>Museu d&#8217;Hist\u00f2ria de Sabadell<\/strong> ha estat el lloc on hem pogut treballar la cal\u00b7ligrafia carol\u00edngia o carolina. Ens ha calgut una canya prima i afilada per l&#8217;extrem, tinta, uns papers que ens recordaven a aquells que es feien a l&#8217;Edat Mitjana amb draps i uns alfabets escrits amb la tipografia esmentada.<\/p>\n<p>En acabar l&#8217;escrit, hem segellat el paper amb lacre i un tamp\u00f3\u00a0 on hi apareixia el relleu d&#8217;una ceba. Hem sabut que malgrat\u00a0 que el nom de Sabadell pugui recordar-nos a aquesta hortalissa, no t\u00e9 res a veure. De fet es diu aix\u00ed ja que el mercat es celebrava els dissabtes a la nostra ciutat. Aquesta i moltes d&#8217;altres an\u00e8cdotes han fet\u00a0 que la sortida hagi estat molt interessant i recomanable.<\/p>\n<p>Si voleu veure algunes imatges del taller, cliqueu <a href=\"https:\/\/photos.app.goo.gl\/M9vkGF5dVu4Wmaat5\">aqu\u00ed<\/a>.<\/p>\n","protected":false},"excerpt":{"rendered":"<p>El Museu d&#8217;Hist\u00f2ria de Sabadell ha estat el lloc on hem pogut treballar la cal\u00b7ligrafia carol\u00edngia o carolina. Ens ha [&hellip;]<\/p>\n","protected":false},"author":5,"featured_media":0,"comment_status":"open","ping_status":"closed","sticky":false,"template":"","format":"standard","meta":{"_bbp_topic_count":0,"_bbp_reply_count":0,"_bbp_total_topic_count":0,"_bbp_total_reply_count":0,"_bbp_voice_count":0,"_bbp_anonymous_reply_count":0,"_bbp_topic_count_hidden":0,"_bbp_reply_count_hidden":0,"_bbp_forum_subforum_count":0,"site-sidebar-layout":"default","site-content-layout":"","ast-site-content-layout":"","site-content-style":"default","site-sidebar-style":"default","ast-global-header-display":"","ast-banner-title-visibility":"","ast-main-header-display":"","ast-hfb-above-header-display":"","ast-hfb-below-header-display":"","ast-hfb-mobile-header-display":"","site-post-title":"","ast-breadcrumbs-content":"","ast-featured-img":"","footer-sml-layout":"","theme-transparent-header-meta":"","adv-header-id-meta":"","stick-header-meta":"","header-above-stick-meta":"","header-main-stick-meta":"","header-below-stick-meta":"","astra-migrate-meta-layouts":"default","ast-page-background-enabled":"default","ast-page-background-meta":{"desktop":{"background-color":"var(--ast-global-color-4)","background-image":"","background-repeat":"repeat","background-position":"center center","background-size":"auto","background-attachment":"scroll","background-type":"","background-media":"","overlay-type":"","overlay-color":"","overlay-opacity":"","overlay-gradient":""},"tablet":{"background-color":"","background-image":"","background-repeat":"repeat","background-position":"center center","background-size":"auto","background-attachment":"scroll","background-type":"","background-media":"","overlay-type":"","overlay-color":"","overlay-opacity":"","overlay-gradient":""},"mobile":{"background-color":"","background-image":"","background-repeat":"repeat","background-position":"center center","background-size":"auto","background-attachment":"scroll","background-type":"","background-media":"","overlay-type":"","overlay-color":"","overlay-opacity":"","overlay-gradient":""}},"ast-content-background-meta":{"desktop":{"background-color":"var(--ast-global-color-5)","background-image":"","background-repeat":"repeat","background-position":"center center","background-size":"auto","background-attachment":"scroll","background-type":"","background-media":"","overlay-type":"","overlay-color":"","overlay-opacity":"","overlay-gradient":""},"tablet":{"background-color":"var(--ast-global-color-5)","background-image":"","background-repeat":"repeat","background-position":"center center","background-size":"auto","background-attachment":"scroll","background-type":"","background-media":"","overlay-type":"","overlay-color":"","overlay-opacity":"","overlay-gradient":""},"mobile":{"background-color":"var(--ast-global-color-5)","background-image":"","background-repeat":"repeat","background-position":"center center","background-size":"auto","background-attachment":"scroll","background-type":"","background-media":"","overlay-type":"","overlay-color":"","overlay-opacity":"","overlay-gradient":""}},"footnotes":""},"categories":[29,8],"tags":[],"class_list":["post-11832","post","type-post","status-publish","format-standard","hentry","category-portada","category-primaria"],"post_mailing_queue_ids":[],"_links":{"self":[{"href":"https:\/\/agora.xtec.cat\/col-tarres\/wp-json\/wp\/v2\/posts\/11832","targetHints":{"allow":["GET"]}}],"collection":[{"href":"https:\/\/agora.xtec.cat\/col-tarres\/wp-json\/wp\/v2\/posts"}],"about":[{"href":"https:\/\/agora.xtec.cat\/col-tarres\/wp-json\/wp\/v2\/types\/post"}],"author":[{"embeddable":true,"href":"https:\/\/agora.xtec.cat\/col-tarres\/wp-json\/wp\/v2\/users\/5"}],"replies":[{"embeddable":true,"href":"https:\/\/agora.xtec.cat\/col-tarres\/wp-json\/wp\/v2\/comments?post=11832"}],"version-history":[{"count":4,"href":"https:\/\/agora.xtec.cat\/col-tarres\/wp-json\/wp\/v2\/posts\/11832\/revisions"}],"predecessor-version":[{"id":11888,"href":"https:\/\/agora.xtec.cat\/col-tarres\/wp-json\/wp\/v2\/posts\/11832\/revisions\/11888"}],"wp:attachment":[{"href":"https:\/\/agora.xtec.cat\/col-tarres\/wp-json\/wp\/v2\/media?parent=11832"}],"wp:term":[{"taxonomy":"category","embeddable":true,"href":"https:\/\/agora.xtec.cat\/col-tarres\/wp-json\/wp\/v2\/categories?post=11832"},{"taxonomy":"post_tag","embeddable":true,"href":"https:\/\/agora.xtec.cat\/col-tarres\/wp-json\/wp\/v2\/tags?post=11832"}],"curies":[{"name":"wp","href":"https:\/\/api.w.org\/{rel}","templated":true}]}}