{"id":11689,"date":"2019-12-24T00:00:16","date_gmt":"2019-12-23T23:00:16","guid":{"rendered":"http:\/\/agora.xtec.cat\/col-tarres\/?p=11689"},"modified":"2020-01-02T11:28:31","modified_gmt":"2020-01-02T10:28:31","slug":"cantada-de-nadales-2019","status":"publish","type":"post","link":"https:\/\/agora.xtec.cat\/col-tarres\/bloctarres\/cantada-de-nadales-2019\/","title":{"rendered":"Cantada de Nadales a Cal Balsach"},"content":{"rendered":"<figure id=\"attachment_11693\" aria-describedby=\"caption-attachment-11693\" style=\"width: 820px\" class=\"wp-caption aligncenter\"><a href=\"https:\/\/agora.xtec.cat\/col-tarres\/wp-content\/uploads\/usu1585\/2019\/12\/Captura-de-Pantalla-2019-12-23-a-les-21.02.30.png\"><img loading=\"lazy\" decoding=\"async\" class=\"wp-image-11693\" src=\"https:\/\/agora.xtec.cat\/col-tarres\/wp-content\/uploads\/usu1585\/2019\/12\/Captura-de-Pantalla-2019-12-23-a-les-21.02.30.png\" alt=\"\" width=\"820\" height=\"511\" srcset=\"https:\/\/agora.xtec.cat\/col-tarres\/wp-content\/uploads\/usu1585\/2019\/12\/Captura-de-Pantalla-2019-12-23-a-les-21.02.30.png 1356w, https:\/\/agora.xtec.cat\/col-tarres\/wp-content\/uploads\/usu1585\/2019\/12\/Captura-de-Pantalla-2019-12-23-a-les-21.02.30-300x187.png 300w, https:\/\/agora.xtec.cat\/col-tarres\/wp-content\/uploads\/usu1585\/2019\/12\/Captura-de-Pantalla-2019-12-23-a-les-21.02.30-768x478.png 768w, https:\/\/agora.xtec.cat\/col-tarres\/wp-content\/uploads\/usu1585\/2019\/12\/Captura-de-Pantalla-2019-12-23-a-les-21.02.30-1024x637.png 1024w\" sizes=\"auto, (max-width: 820px) 100vw, 820px\" \/><\/a><figcaption id=\"caption-attachment-11693\" class=\"wp-caption-text\">Moment de l&#8217;actuaci\u00f3 de l&#8217;alumnat de 4t de Prim\u00e0ria al Centre C\u00edvic de La Creu Alta-Cal Balsach. Escola Tarr\u00e9s.<\/figcaption><\/figure>\n<p>&nbsp;<\/p>\n<p>El passat <strong>dimecres 18<\/strong> i <strong>dijous 19 de desembre<\/strong>, l&#8217;alumnat d&#8217;Infantil i Prim\u00e0ria va anar al Centre C\u00edvic de La Creu Alta-Cal Balsach per recitar el <strong>vers de Nadal<\/strong> i cantar una <strong>Nadala<\/strong>. Tots els infants ho van fer la mar de b\u00e9!<\/p>\n<p><a href=\"https:\/\/drive.google.com\/drive\/folders\/1EEHc5lZr6u629xr8CjeSreQGnClFn9JA?usp=sharing\">Prement aqu\u00ed<\/a>, podeu accedir al recull de v\u00eddeos dels dos dies.<\/p>\n<p>Aprofitem l&#8217;avinentesa per desitjar-vos un molt bon Nadal i feli\u00e7 any 2020!<\/p>\n<p><em>El Claustre d&#8217;Educaci\u00f3 Infantil i Prim\u00e0ria.<\/em><\/p>\n","protected":false},"excerpt":{"rendered":"<p>&nbsp; El passat dimecres 18 i dijous 19 de desembre, l&#8217;alumnat d&#8217;Infantil i Prim\u00e0ria va anar al Centre C\u00edvic de [&hellip;]<\/p>\n","protected":false},"author":8,"featured_media":11693,"comment_status":"open","ping_status":"closed","sticky":false,"template":"","format":"standard","meta":{"_bbp_topic_count":0,"_bbp_reply_count":0,"_bbp_total_topic_count":0,"_bbp_total_reply_count":0,"_bbp_voice_count":0,"_bbp_anonymous_reply_count":0,"_bbp_topic_count_hidden":0,"_bbp_reply_count_hidden":0,"_bbp_forum_subforum_count":0,"site-sidebar-layout":"default","site-content-layout":"","ast-site-content-layout":"","site-content-style":"default","site-sidebar-style":"default","ast-global-header-display":"","ast-banner-title-visibility":"","ast-main-header-display":"","ast-hfb-above-header-display":"","ast-hfb-below-header-display":"","ast-hfb-mobile-header-display":"","site-post-title":"","ast-breadcrumbs-content":"","ast-featured-img":"","footer-sml-layout":"","theme-transparent-header-meta":"","adv-header-id-meta":"","stick-header-meta":"","header-above-stick-meta":"","header-main-stick-meta":"","header-below-stick-meta":"","astra-migrate-meta-layouts":"default","ast-page-background-enabled":"default","ast-page-background-meta":{"desktop":{"background-color":"var(--ast-global-color-4)","background-image":"","background-repeat":"repeat","background-position":"center center","background-size":"auto","background-attachment":"scroll","background-type":"","background-media":"","overlay-type":"","overlay-color":"","overlay-opacity":"","overlay-gradient":""},"tablet":{"background-color":"","background-image":"","background-repeat":"repeat","background-position":"center center","background-size":"auto","background-attachment":"scroll","background-type":"","background-media":"","overlay-type":"","overlay-color":"","overlay-opacity":"","overlay-gradient":""},"mobile":{"background-color":"","background-image":"","background-repeat":"repeat","background-position":"center center","background-size":"auto","background-attachment":"scroll","background-type":"","background-media":"","overlay-type":"","overlay-color":"","overlay-opacity":"","overlay-gradient":""}},"ast-content-background-meta":{"desktop":{"background-color":"var(--ast-global-color-5)","background-image":"","background-repeat":"repeat","background-position":"center center","background-size":"auto","background-attachment":"scroll","background-type":"","background-media":"","overlay-type":"","overlay-color":"","overlay-opacity":"","overlay-gradient":""},"tablet":{"background-color":"var(--ast-global-color-5)","background-image":"","background-repeat":"repeat","background-position":"center center","background-size":"auto","background-attachment":"scroll","background-type":"","background-media":"","overlay-type":"","overlay-color":"","overlay-opacity":"","overlay-gradient":""},"mobile":{"background-color":"var(--ast-global-color-5)","background-image":"","background-repeat":"repeat","background-position":"center center","background-size":"auto","background-attachment":"scroll","background-type":"","background-media":"","overlay-type":"","overlay-color":"","overlay-opacity":"","overlay-gradient":""}},"footnotes":""},"categories":[1,30,29,8],"tags":[],"class_list":["post-11689","post","type-post","status-publish","format-standard","has-post-thumbnail","hentry","category-bloctarres","category-infantil","category-portada","category-primaria"],"post_mailing_queue_ids":[],"_links":{"self":[{"href":"https:\/\/agora.xtec.cat\/col-tarres\/wp-json\/wp\/v2\/posts\/11689","targetHints":{"allow":["GET"]}}],"collection":[{"href":"https:\/\/agora.xtec.cat\/col-tarres\/wp-json\/wp\/v2\/posts"}],"about":[{"href":"https:\/\/agora.xtec.cat\/col-tarres\/wp-json\/wp\/v2\/types\/post"}],"author":[{"embeddable":true,"href":"https:\/\/agora.xtec.cat\/col-tarres\/wp-json\/wp\/v2\/users\/8"}],"replies":[{"embeddable":true,"href":"https:\/\/agora.xtec.cat\/col-tarres\/wp-json\/wp\/v2\/comments?post=11689"}],"version-history":[{"count":4,"href":"https:\/\/agora.xtec.cat\/col-tarres\/wp-json\/wp\/v2\/posts\/11689\/revisions"}],"predecessor-version":[{"id":11711,"href":"https:\/\/agora.xtec.cat\/col-tarres\/wp-json\/wp\/v2\/posts\/11689\/revisions\/11711"}],"wp:featuredmedia":[{"embeddable":true,"href":"https:\/\/agora.xtec.cat\/col-tarres\/wp-json\/wp\/v2\/media\/11693"}],"wp:attachment":[{"href":"https:\/\/agora.xtec.cat\/col-tarres\/wp-json\/wp\/v2\/media?parent=11689"}],"wp:term":[{"taxonomy":"category","embeddable":true,"href":"https:\/\/agora.xtec.cat\/col-tarres\/wp-json\/wp\/v2\/categories?post=11689"},{"taxonomy":"post_tag","embeddable":true,"href":"https:\/\/agora.xtec.cat\/col-tarres\/wp-json\/wp\/v2\/tags?post=11689"}],"curies":[{"name":"wp","href":"https:\/\/api.w.org\/{rel}","templated":true}]}}