{"id":11599,"date":"2019-11-26T00:00:59","date_gmt":"2019-11-25T23:00:59","guid":{"rendered":"http:\/\/agora.xtec.cat\/col-tarres\/?p=11599"},"modified":"2019-11-29T13:32:21","modified_gmt":"2019-11-29T12:32:21","slug":"conferencia-testimonis-de-la-retirada","status":"publish","type":"post","link":"https:\/\/agora.xtec.cat\/col-tarres\/bloctarres\/conferencia-testimonis-de-la-retirada\/","title":{"rendered":"Confer\u00e8ncia: &#8220;Testimonis de la Retirada&#8221;"},"content":{"rendered":"<p style=\"font-weight: 400; text-align: left;\">La <strong>Direcci\u00f3 de l&#8217;Escola Tarr\u00e9s<\/strong> i el regidor de Cultura de Sabadell, el Sr. <strong>Carles de la Rosa<\/strong>,<\/p>\n<p style=\"text-align: left;\">es plau a convidar-vos a la confer\u00e8ncia amb audiovisual i lectures <strong><em>Testimonis de la Retirada<\/em><\/strong>, a c\u00e0rrec d\u2019Antoni Cister\u00f3 i la col\u00b7laboraci\u00f3 dels alumnes d&#8217;Hist\u00f2ria de 4t d&#8217;ESO de la nostra escola.<\/p>\n<p style=\"text-align: left;\">L\u2019acte tindr\u00e0 lloc el proper <strong>dijous, 28 de novembre a 2\/4 de 7<\/strong> de la tarda, a la sala d\u2019actes Miquel Crusafont del Museu d\u2019Hist\u00f2ria de Sabadell (carrer de Sant Antoni, 13).<\/p>\n<p style=\"font-weight: 400; text-align: left;\">Us hi esperem!<\/p>\n<p style=\"text-align: left;\"><em>Sabadell, novembre de 2019<\/em><\/p>\n<p><a href=\"https:\/\/agora.xtec.cat\/col-tarres\/wp-content\/uploads\/usu1585\/2019\/11\/unnamed.jpg\"><img loading=\"lazy\" decoding=\"async\" class=\"aligncenter size-full wp-image-11600\" src=\"https:\/\/agora.xtec.cat\/col-tarres\/wp-content\/uploads\/usu1585\/2019\/11\/unnamed.jpg\" alt=\"\" width=\"1026\" height=\"553\" srcset=\"https:\/\/agora.xtec.cat\/col-tarres\/wp-content\/uploads\/usu1585\/2019\/11\/unnamed.jpg 1026w, https:\/\/agora.xtec.cat\/col-tarres\/wp-content\/uploads\/usu1585\/2019\/11\/unnamed-300x162.jpg 300w, https:\/\/agora.xtec.cat\/col-tarres\/wp-content\/uploads\/usu1585\/2019\/11\/unnamed-768x414.jpg 768w, https:\/\/agora.xtec.cat\/col-tarres\/wp-content\/uploads\/usu1585\/2019\/11\/unnamed-1024x552.jpg 1024w\" sizes=\"auto, (max-width: 1026px) 100vw, 1026px\" \/><\/a><\/p>\n","protected":false},"excerpt":{"rendered":"<p>Invitaci\u00f3 confer\u00e8ncia d&#8217;Antoni Cister\u00f3 i alumnes de l&#8217;Escola al Museu d&#8217;Hist\u00f2ria de Sabadell<\/p>\n","protected":false},"author":8,"featured_media":11602,"comment_status":"open","ping_status":"closed","sticky":false,"template":"","format":"standard","meta":{"_bbp_topic_count":0,"_bbp_reply_count":0,"_bbp_total_topic_count":0,"_bbp_total_reply_count":0,"_bbp_voice_count":0,"_bbp_anonymous_reply_count":0,"_bbp_topic_count_hidden":0,"_bbp_reply_count_hidden":0,"_bbp_forum_subforum_count":0,"site-sidebar-layout":"default","site-content-layout":"","ast-site-content-layout":"","site-content-style":"default","site-sidebar-style":"default","ast-global-header-display":"","ast-banner-title-visibility":"","ast-main-header-display":"","ast-hfb-above-header-display":"","ast-hfb-below-header-display":"","ast-hfb-mobile-header-display":"","site-post-title":"","ast-breadcrumbs-content":"","ast-featured-img":"","footer-sml-layout":"","theme-transparent-header-meta":"","adv-header-id-meta":"","stick-header-meta":"","header-above-stick-meta":"","header-main-stick-meta":"","header-below-stick-meta":"","astra-migrate-meta-layouts":"default","ast-page-background-enabled":"default","ast-page-background-meta":{"desktop":{"background-color":"var(--ast-global-color-4)","background-image":"","background-repeat":"repeat","background-position":"center center","background-size":"auto","background-attachment":"scroll","background-type":"","background-media":"","overlay-type":"","overlay-color":"","overlay-opacity":"","overlay-gradient":""},"tablet":{"background-color":"","background-image":"","background-repeat":"repeat","background-position":"center center","background-size":"auto","background-attachment":"scroll","background-type":"","background-media":"","overlay-type":"","overlay-color":"","overlay-opacity":"","overlay-gradient":""},"mobile":{"background-color":"","background-image":"","background-repeat":"repeat","background-position":"center center","background-size":"auto","background-attachment":"scroll","background-type":"","background-media":"","overlay-type":"","overlay-color":"","overlay-opacity":"","overlay-gradient":""}},"ast-content-background-meta":{"desktop":{"background-color":"var(--ast-global-color-5)","background-image":"","background-repeat":"repeat","background-position":"center center","background-size":"auto","background-attachment":"scroll","background-type":"","background-media":"","overlay-type":"","overlay-color":"","overlay-opacity":"","overlay-gradient":""},"tablet":{"background-color":"var(--ast-global-color-5)","background-image":"","background-repeat":"repeat","background-position":"center center","background-size":"auto","background-attachment":"scroll","background-type":"","background-media":"","overlay-type":"","overlay-color":"","overlay-opacity":"","overlay-gradient":""},"mobile":{"background-color":"var(--ast-global-color-5)","background-image":"","background-repeat":"repeat","background-position":"center center","background-size":"auto","background-attachment":"scroll","background-type":"","background-media":"","overlay-type":"","overlay-color":"","overlay-opacity":"","overlay-gradient":""}},"footnotes":""},"categories":[1,29],"tags":[],"class_list":["post-11599","post","type-post","status-publish","format-standard","has-post-thumbnail","hentry","category-bloctarres","category-portada"],"post_mailing_queue_ids":[],"_links":{"self":[{"href":"https:\/\/agora.xtec.cat\/col-tarres\/wp-json\/wp\/v2\/posts\/11599","targetHints":{"allow":["GET"]}}],"collection":[{"href":"https:\/\/agora.xtec.cat\/col-tarres\/wp-json\/wp\/v2\/posts"}],"about":[{"href":"https:\/\/agora.xtec.cat\/col-tarres\/wp-json\/wp\/v2\/types\/post"}],"author":[{"embeddable":true,"href":"https:\/\/agora.xtec.cat\/col-tarres\/wp-json\/wp\/v2\/users\/8"}],"replies":[{"embeddable":true,"href":"https:\/\/agora.xtec.cat\/col-tarres\/wp-json\/wp\/v2\/comments?post=11599"}],"version-history":[{"count":4,"href":"https:\/\/agora.xtec.cat\/col-tarres\/wp-json\/wp\/v2\/posts\/11599\/revisions"}],"predecessor-version":[{"id":11613,"href":"https:\/\/agora.xtec.cat\/col-tarres\/wp-json\/wp\/v2\/posts\/11599\/revisions\/11613"}],"wp:featuredmedia":[{"embeddable":true,"href":"https:\/\/agora.xtec.cat\/col-tarres\/wp-json\/wp\/v2\/media\/11602"}],"wp:attachment":[{"href":"https:\/\/agora.xtec.cat\/col-tarres\/wp-json\/wp\/v2\/media?parent=11599"}],"wp:term":[{"taxonomy":"category","embeddable":true,"href":"https:\/\/agora.xtec.cat\/col-tarres\/wp-json\/wp\/v2\/categories?post=11599"},{"taxonomy":"post_tag","embeddable":true,"href":"https:\/\/agora.xtec.cat\/col-tarres\/wp-json\/wp\/v2\/tags?post=11599"}],"curies":[{"name":"wp","href":"https:\/\/api.w.org\/{rel}","templated":true}]}}