{"id":11450,"date":"2019-10-11T09:50:13","date_gmt":"2019-10-11T07:50:13","guid":{"rendered":"http:\/\/agora.xtec.cat\/col-tarres\/?p=11450"},"modified":"2019-10-12T13:27:44","modified_gmt":"2019-10-12T11:27:44","slug":"padrins-i-fillols-5e-dep-i-p4","status":"publish","type":"post","link":"https:\/\/agora.xtec.cat\/col-tarres\/bloctarres\/padrins-i-fillols-5e-dep-i-p4\/","title":{"rendered":"Padrins i fillols (5\u00e8 i P4)"},"content":{"rendered":"<p>&nbsp;<\/p>\n<p><a href=\"https:\/\/agora.xtec.cat\/col-tarres\/wp-content\/uploads\/usu1585\/2019\/10\/foto-padrins.jpg\"><img loading=\"lazy\" decoding=\"async\" class=\"wp-image-11451 aligncenter\" src=\"https:\/\/agora.xtec.cat\/col-tarres\/wp-content\/uploads\/usu1585\/2019\/10\/foto-padrins.jpg\" alt=\"\" width=\"630\" height=\"473\" srcset=\"https:\/\/agora.xtec.cat\/col-tarres\/wp-content\/uploads\/usu1585\/2019\/10\/foto-padrins.jpg 833w, https:\/\/agora.xtec.cat\/col-tarres\/wp-content\/uploads\/usu1585\/2019\/10\/foto-padrins-300x225.jpg 300w, https:\/\/agora.xtec.cat\/col-tarres\/wp-content\/uploads\/usu1585\/2019\/10\/foto-padrins-768x576.jpg 768w, https:\/\/agora.xtec.cat\/col-tarres\/wp-content\/uploads\/usu1585\/2019\/10\/foto-padrins-200x150.jpg 200w\" sizes=\"auto, (max-width: 630px) 100vw, 630px\" \/><\/a><\/p>\n<p>El passat dijous 10 d&#8217;octubre, els nens i les nenes de la <strong>classe de <em>les Pessigolles<\/em><\/strong> vam retrobar-nos amb els alumnes de 5\u00e8 que l&#8217;any passat ens havien fet de padrins. Est\u00e0vem molt emocionats per saber quin padr\u00ed tindria cadasc\u00fa aquest curs!<\/p>\n<p>Fetes les presentacions, cada padr\u00ed ens va explicar el conte de la seva inf\u00e0ncia que havia portat per ensenyar-nos. Despr\u00e9s vam intercanviar els contes, fent d&#8217;aquesta trobada una sessi\u00f3 de relacions i experi\u00e8ncies compartides.<\/p>\n<p>Abans d&#8217;acomiadar-nos, vam tenir temps de jugar i gaudir una mica d&#8217;aquest primer contacte.<\/p>\n<p>Moltes gr\u00e0cies, padrins! Fins la propera!<\/p>\n<p>Per veure una mostra de la sessi\u00f3, cliqueu <a href=\"https:\/\/photos.app.goo.gl\/vuCwsUPFvyajEj5D9\">aqu\u00ed.<\/a><\/p>\n<p><em>Les mestres de P4 d&#8217;Educaci\u00f3 Infantil i 5\u00e8 d&#8217;Educaci\u00f3 Prim\u00e0ria.<\/em><\/p>\n<p>&nbsp;<\/p>\n","protected":false},"excerpt":{"rendered":"<p>&nbsp; El passat dijous 10 d&#8217;octubre, els nens i les nenes de la classe de les Pessigolles vam retrobar-nos amb [&hellip;]<\/p>\n","protected":false},"author":5,"featured_media":11451,"comment_status":"open","ping_status":"closed","sticky":false,"template":"","format":"standard","meta":{"_bbp_topic_count":0,"_bbp_reply_count":0,"_bbp_total_topic_count":0,"_bbp_total_reply_count":0,"_bbp_voice_count":0,"_bbp_anonymous_reply_count":0,"_bbp_topic_count_hidden":0,"_bbp_reply_count_hidden":0,"_bbp_forum_subforum_count":0,"site-sidebar-layout":"default","site-content-layout":"","ast-site-content-layout":"","site-content-style":"default","site-sidebar-style":"default","ast-global-header-display":"","ast-banner-title-visibility":"","ast-main-header-display":"","ast-hfb-above-header-display":"","ast-hfb-below-header-display":"","ast-hfb-mobile-header-display":"","site-post-title":"","ast-breadcrumbs-content":"","ast-featured-img":"","footer-sml-layout":"","theme-transparent-header-meta":"","adv-header-id-meta":"","stick-header-meta":"","header-above-stick-meta":"","header-main-stick-meta":"","header-below-stick-meta":"","astra-migrate-meta-layouts":"default","ast-page-background-enabled":"default","ast-page-background-meta":{"desktop":{"background-color":"var(--ast-global-color-4)","background-image":"","background-repeat":"repeat","background-position":"center center","background-size":"auto","background-attachment":"scroll","background-type":"","background-media":"","overlay-type":"","overlay-color":"","overlay-opacity":"","overlay-gradient":""},"tablet":{"background-color":"","background-image":"","background-repeat":"repeat","background-position":"center center","background-size":"auto","background-attachment":"scroll","background-type":"","background-media":"","overlay-type":"","overlay-color":"","overlay-opacity":"","overlay-gradient":""},"mobile":{"background-color":"","background-image":"","background-repeat":"repeat","background-position":"center center","background-size":"auto","background-attachment":"scroll","background-type":"","background-media":"","overlay-type":"","overlay-color":"","overlay-opacity":"","overlay-gradient":""}},"ast-content-background-meta":{"desktop":{"background-color":"var(--ast-global-color-5)","background-image":"","background-repeat":"repeat","background-position":"center center","background-size":"auto","background-attachment":"scroll","background-type":"","background-media":"","overlay-type":"","overlay-color":"","overlay-opacity":"","overlay-gradient":""},"tablet":{"background-color":"var(--ast-global-color-5)","background-image":"","background-repeat":"repeat","background-position":"center center","background-size":"auto","background-attachment":"scroll","background-type":"","background-media":"","overlay-type":"","overlay-color":"","overlay-opacity":"","overlay-gradient":""},"mobile":{"background-color":"var(--ast-global-color-5)","background-image":"","background-repeat":"repeat","background-position":"center center","background-size":"auto","background-attachment":"scroll","background-type":"","background-media":"","overlay-type":"","overlay-color":"","overlay-opacity":"","overlay-gradient":""}},"footnotes":""},"categories":[1,30,29,8],"tags":[],"class_list":["post-11450","post","type-post","status-publish","format-standard","has-post-thumbnail","hentry","category-bloctarres","category-infantil","category-portada","category-primaria"],"post_mailing_queue_ids":[],"_links":{"self":[{"href":"https:\/\/agora.xtec.cat\/col-tarres\/wp-json\/wp\/v2\/posts\/11450","targetHints":{"allow":["GET"]}}],"collection":[{"href":"https:\/\/agora.xtec.cat\/col-tarres\/wp-json\/wp\/v2\/posts"}],"about":[{"href":"https:\/\/agora.xtec.cat\/col-tarres\/wp-json\/wp\/v2\/types\/post"}],"author":[{"embeddable":true,"href":"https:\/\/agora.xtec.cat\/col-tarres\/wp-json\/wp\/v2\/users\/5"}],"replies":[{"embeddable":true,"href":"https:\/\/agora.xtec.cat\/col-tarres\/wp-json\/wp\/v2\/comments?post=11450"}],"version-history":[{"count":3,"href":"https:\/\/agora.xtec.cat\/col-tarres\/wp-json\/wp\/v2\/posts\/11450\/revisions"}],"predecessor-version":[{"id":11456,"href":"https:\/\/agora.xtec.cat\/col-tarres\/wp-json\/wp\/v2\/posts\/11450\/revisions\/11456"}],"wp:featuredmedia":[{"embeddable":true,"href":"https:\/\/agora.xtec.cat\/col-tarres\/wp-json\/wp\/v2\/media\/11451"}],"wp:attachment":[{"href":"https:\/\/agora.xtec.cat\/col-tarres\/wp-json\/wp\/v2\/media?parent=11450"}],"wp:term":[{"taxonomy":"category","embeddable":true,"href":"https:\/\/agora.xtec.cat\/col-tarres\/wp-json\/wp\/v2\/categories?post=11450"},{"taxonomy":"post_tag","embeddable":true,"href":"https:\/\/agora.xtec.cat\/col-tarres\/wp-json\/wp\/v2\/tags?post=11450"}],"curies":[{"name":"wp","href":"https:\/\/api.w.org\/{rel}","templated":true}]}}