{"id":11238,"date":"2019-06-19T10:37:45","date_gmt":"2019-06-19T08:37:45","guid":{"rendered":"http:\/\/agora.xtec.cat\/col-tarres\/?p=11238"},"modified":"2019-06-20T20:53:51","modified_gmt":"2019-06-20T18:53:51","slug":"jubilacions-2019","status":"publish","type":"post","link":"https:\/\/agora.xtec.cat\/col-tarres\/bloctarres\/jubilacions-2019\/","title":{"rendered":"Jubilacions 2019"},"content":{"rendered":"<p>El curs 2018-19 ja \u00e9s a la seva fi i aquest any hem d&#8217;acomiadar a quatre persones molt relacionades amb el dia a dia de l&#8217;escola.<\/p>\n<p>Han estat molts anys els que la <strong>Lolita<\/strong> i el <strong>Carlos<\/strong> han fet de la seva vocaci\u00f3 el seu ofici. Han participat en l&#8217;educaci\u00f3 de centenars d&#8217;infants que han passat per l&#8217;escola. La <strong>Paquita<\/strong> ha estat la persona que amb perseveran\u00e7a i paci\u00e8ncia ha servit el dinar als infants i joves durant els darrers cursos. I per acabar, la <strong>Pepi, <\/strong>que ha estat dedicada a la neteja de l&#8217;escola. A tots ells nom\u00e9s ens queda agrair-los tots\u00a0 aquests anys que han estat amb nosaltres i desitjar-los-hi el millor.<\/p>\n<p>Ho hem resumit amb els seg\u00fcents tuits:<\/p>\n<blockquote class=\"twitter-tweet\" data-lang=\"ca\">\n<p dir=\"ltr\" lang=\"ca\">? El curs 2018-19 ja \u00e9s a la seva fi i aquest any hem d&#8217;acomiadar a quatre persones molt relacionades amb el dia a dia de l&#8217;Escola. <a href=\"https:\/\/t.co\/ozQqjlUeEZ\">pic.twitter.com\/ozQqjlUeEZ<\/a><\/p>\n<p style=\"text-align: left;\">\u2014 Escola Tarr\u00e9s (@EscolaTarres) <a href=\"https:\/\/twitter.com\/EscolaTarres\/status\/1141376604557496320?ref_src=twsrc%5Etfw\">19 de juny de 2019<\/a><\/p>\n<\/blockquote>\n<p><script async src=\"https:\/\/platform.twitter.com\/widgets.js\" charset=\"utf-8\"><\/script><\/p>\n<blockquote class=\"twitter-tweet\" data-lang=\"ca\">\n<p dir=\"ltr\" lang=\"ca\">? Aquest migida acomiad\u00e0vem la Paquita: qui ha estat responsable i cuinera de Menjador durant molts anys, aquesta setmana ha sigut la seva \u00faltima a l\u2019Escola servint el dinar als infants i joves. Aix\u00f2 si, amb la mateixa il\u00b7lusi\u00f3, perseveran\u00e7a i paci\u00e8ncia de sempre! <a href=\"https:\/\/t.co\/tjbWS6nnOA\">pic.twitter.com\/tjbWS6nnOA<\/a><\/p>\n<p>\u2014 Escola Tarr\u00e9s (@EscolaTarres) <a href=\"https:\/\/twitter.com\/EscolaTarres\/status\/1141376730848014336?ref_src=twsrc%5Etfw\">19 de juny de 2019<\/a><\/p><\/blockquote>\n<p><script async src=\"https:\/\/platform.twitter.com\/widgets.js\" charset=\"utf-8\"><\/script><\/p>\n<blockquote class=\"twitter-tweet\" data-lang=\"ca\">\n<p dir=\"ltr\" lang=\"ca\">Tamb\u00e9 diem ad\u00e9u a qui ha estat <a href=\"https:\/\/twitter.com\/hashtag\/directora?src=hash&amp;ref_src=twsrc%5Etfw\">#directora<\/a> durant un bon grapat d\u2019anys, la Lolita, i tamb\u00e9 al Carlos: ambd\u00f3s han fet de la seva vocaci\u00f3, el seu ofici. Han participat en l&#8217;<a href=\"https:\/\/twitter.com\/hashtag\/educaci%C3%B3?src=hash&amp;ref_src=twsrc%5Etfw\">#educaci\u00f3<\/a> de centenars d&#8217;infants que han passat per l&#8217;Escola. <a href=\"https:\/\/t.co\/DHRsH1wqAY\">pic.twitter.com\/DHRsH1wqAY<\/a><\/p>\n<p>\u2014 Escola Tarr\u00e9s (@EscolaTarres) <a href=\"https:\/\/twitter.com\/EscolaTarres\/status\/1141396592181862402?ref_src=twsrc%5Etfw\">19 de juny de 2019<\/a><\/p><\/blockquote>\n<p><script async src=\"https:\/\/platform.twitter.com\/widgets.js\" charset=\"utf-8\"><\/script><\/p>\n<blockquote class=\"twitter-tweet\" data-lang=\"ca\">\n<p dir=\"ltr\" lang=\"ca\">Finalment, tamb\u00e9 voldriem mencionar la Pepi, encarregada de la neteja, una feina b\u00e0sica pel bon funcionament de l\u2019Escola. <a href=\"https:\/\/t.co\/wmwV6crupY\">pic.twitter.com\/wmwV6crupY<\/a><\/p>\n<p>\u2014 Escola Tarr\u00e9s (@EscolaTarres) <a href=\"https:\/\/twitter.com\/EscolaTarres\/status\/1141399821326127104?ref_src=twsrc%5Etfw\">19 de juny de 2019<\/a><\/p><\/blockquote>\n<p><script async src=\"https:\/\/platform.twitter.com\/widgets.js\" charset=\"utf-8\"><\/script><\/p>\n<blockquote class=\"twitter-tweet\" data-lang=\"ca\">\n<p dir=\"ltr\" lang=\"ca\">A tots ells nom\u00e9s ens queda agrair-los tots aquests anys que han treballat i compartit moments amb nosaltres i, sobretot, desitjar-los el millor en aquesta nova etapa!<\/p>\n<p>Us enyorarem, companys! <a href=\"https:\/\/t.co\/ZxOPh1Sn48\">pic.twitter.com\/ZxOPh1Sn48<\/a><\/p>\n<p>\u2014 Escola Tarr\u00e9s (@EscolaTarres) <a href=\"https:\/\/twitter.com\/EscolaTarres\/status\/1141401452436447232?ref_src=twsrc%5Etfw\">19 de juny de 2019<\/a><\/p><\/blockquote>\n<p><script async src=\"https:\/\/platform.twitter.com\/widgets.js\" charset=\"utf-8\"><\/script><\/p>\n","protected":false},"excerpt":{"rendered":"<p>El curs 2018-19 ja \u00e9s a la seva fi i aquest any hem d&#8217;acomiadar a quatre persones molt relacionades amb [&hellip;]<\/p>\n","protected":false},"author":5,"featured_media":11243,"comment_status":"open","ping_status":"closed","sticky":false,"template":"","format":"standard","meta":{"_bbp_topic_count":0,"_bbp_reply_count":0,"_bbp_total_topic_count":0,"_bbp_total_reply_count":0,"_bbp_voice_count":0,"_bbp_anonymous_reply_count":0,"_bbp_topic_count_hidden":0,"_bbp_reply_count_hidden":0,"_bbp_forum_subforum_count":0,"site-sidebar-layout":"default","site-content-layout":"","ast-site-content-layout":"","site-content-style":"default","site-sidebar-style":"default","ast-global-header-display":"","ast-banner-title-visibility":"","ast-main-header-display":"","ast-hfb-above-header-display":"","ast-hfb-below-header-display":"","ast-hfb-mobile-header-display":"","site-post-title":"","ast-breadcrumbs-content":"","ast-featured-img":"","footer-sml-layout":"","theme-transparent-header-meta":"","adv-header-id-meta":"","stick-header-meta":"","header-above-stick-meta":"","header-main-stick-meta":"","header-below-stick-meta":"","astra-migrate-meta-layouts":"default","ast-page-background-enabled":"default","ast-page-background-meta":{"desktop":{"background-color":"var(--ast-global-color-4)","background-image":"","background-repeat":"repeat","background-position":"center center","background-size":"auto","background-attachment":"scroll","background-type":"","background-media":"","overlay-type":"","overlay-color":"","overlay-opacity":"","overlay-gradient":""},"tablet":{"background-color":"","background-image":"","background-repeat":"repeat","background-position":"center center","background-size":"auto","background-attachment":"scroll","background-type":"","background-media":"","overlay-type":"","overlay-color":"","overlay-opacity":"","overlay-gradient":""},"mobile":{"background-color":"","background-image":"","background-repeat":"repeat","background-position":"center center","background-size":"auto","background-attachment":"scroll","background-type":"","background-media":"","overlay-type":"","overlay-color":"","overlay-opacity":"","overlay-gradient":""}},"ast-content-background-meta":{"desktop":{"background-color":"var(--ast-global-color-5)","background-image":"","background-repeat":"repeat","background-position":"center center","background-size":"auto","background-attachment":"scroll","background-type":"","background-media":"","overlay-type":"","overlay-color":"","overlay-opacity":"","overlay-gradient":""},"tablet":{"background-color":"var(--ast-global-color-5)","background-image":"","background-repeat":"repeat","background-position":"center center","background-size":"auto","background-attachment":"scroll","background-type":"","background-media":"","overlay-type":"","overlay-color":"","overlay-opacity":"","overlay-gradient":""},"mobile":{"background-color":"var(--ast-global-color-5)","background-image":"","background-repeat":"repeat","background-position":"center center","background-size":"auto","background-attachment":"scroll","background-type":"","background-media":"","overlay-type":"","overlay-color":"","overlay-opacity":"","overlay-gradient":""}},"footnotes":""},"categories":[1,29],"tags":[],"class_list":["post-11238","post","type-post","status-publish","format-standard","has-post-thumbnail","hentry","category-bloctarres","category-portada"],"post_mailing_queue_ids":[],"_links":{"self":[{"href":"https:\/\/agora.xtec.cat\/col-tarres\/wp-json\/wp\/v2\/posts\/11238","targetHints":{"allow":["GET"]}}],"collection":[{"href":"https:\/\/agora.xtec.cat\/col-tarres\/wp-json\/wp\/v2\/posts"}],"about":[{"href":"https:\/\/agora.xtec.cat\/col-tarres\/wp-json\/wp\/v2\/types\/post"}],"author":[{"embeddable":true,"href":"https:\/\/agora.xtec.cat\/col-tarres\/wp-json\/wp\/v2\/users\/5"}],"replies":[{"embeddable":true,"href":"https:\/\/agora.xtec.cat\/col-tarres\/wp-json\/wp\/v2\/comments?post=11238"}],"version-history":[{"count":3,"href":"https:\/\/agora.xtec.cat\/col-tarres\/wp-json\/wp\/v2\/posts\/11238\/revisions"}],"predecessor-version":[{"id":11258,"href":"https:\/\/agora.xtec.cat\/col-tarres\/wp-json\/wp\/v2\/posts\/11238\/revisions\/11258"}],"wp:featuredmedia":[{"embeddable":true,"href":"https:\/\/agora.xtec.cat\/col-tarres\/wp-json\/wp\/v2\/media\/11243"}],"wp:attachment":[{"href":"https:\/\/agora.xtec.cat\/col-tarres\/wp-json\/wp\/v2\/media?parent=11238"}],"wp:term":[{"taxonomy":"category","embeddable":true,"href":"https:\/\/agora.xtec.cat\/col-tarres\/wp-json\/wp\/v2\/categories?post=11238"},{"taxonomy":"post_tag","embeddable":true,"href":"https:\/\/agora.xtec.cat\/col-tarres\/wp-json\/wp\/v2\/tags?post=11238"}],"curies":[{"name":"wp","href":"https:\/\/api.w.org\/{rel}","templated":true}]}}