{"id":11021,"date":"2019-05-24T09:12:47","date_gmt":"2019-05-24T07:12:47","guid":{"rendered":"http:\/\/agora.xtec.cat\/col-tarres\/?p=11021"},"modified":"2019-05-30T22:07:28","modified_gmt":"2019-05-30T20:07:28","slug":"orquestra-simfonica-del-valles-p3","status":"publish","type":"post","link":"https:\/\/agora.xtec.cat\/col-tarres\/bloctarres\/orquestra-simfonica-del-valles-p3\/","title":{"rendered":"Visita a l&#8217;Orquestra Simf\u00f2nica del Vall\u00e8s (P3)"},"content":{"rendered":"<p><a href=\"https:\/\/agora.xtec.cat\/col-tarres\/wp-content\/uploads\/usu1585\/2019\/05\/20190522_095759.jpg\"><img loading=\"lazy\" decoding=\"async\" class=\" wp-image-11030 aligncenter\" src=\"https:\/\/agora.xtec.cat\/col-tarres\/wp-content\/uploads\/usu1585\/2019\/05\/20190522_095759.jpg\" alt=\"\" width=\"690\" height=\"518\" srcset=\"https:\/\/agora.xtec.cat\/col-tarres\/wp-content\/uploads\/usu1585\/2019\/05\/20190522_095759.jpg 1052w, https:\/\/agora.xtec.cat\/col-tarres\/wp-content\/uploads\/usu1585\/2019\/05\/20190522_095759-300x225.jpg 300w, https:\/\/agora.xtec.cat\/col-tarres\/wp-content\/uploads\/usu1585\/2019\/05\/20190522_095759-768x576.jpg 768w, https:\/\/agora.xtec.cat\/col-tarres\/wp-content\/uploads\/usu1585\/2019\/05\/20190522_095759-1024x768.jpg 1024w, https:\/\/agora.xtec.cat\/col-tarres\/wp-content\/uploads\/usu1585\/2019\/05\/20190522_095759-200x150.jpg 200w\" sizes=\"auto, (max-width: 690px) 100vw, 690px\" \/><\/a><\/p>\n<p>Els alumnes de P3 hem anat a la Seu de l&#8217;Orquestra Simf\u00f2nica del Vall\u00e8s.<\/p>\n<p>Ha estat molt interessant poder gaudir d&#8217;una estona d&#8217;assaig de l&#8217;orquestra i poder veure i escoltar els instruments de ben a prop. Tamb\u00e9 hem pogut conversar amb algun dels m\u00fasics i tocar i cantar amb ells alguna de les can\u00e7ons que interpretem a l&#8217;aula.<\/p>\n<p>Per veure les imatges, cliqueu <a href=\"https:\/\/photos.app.goo.gl\/bZ9v1SCzqU6p4jj36\">aqu\u00ed<\/a>.<\/p>\n<p>&nbsp;<\/p>\n<p><em>Les mestres de primer d&#8217;Educaci\u00f3 Infantil<\/em><\/p>\n","protected":false},"excerpt":{"rendered":"<p>Els alumnes de P3 hem anat a la Seu de l&#8217;Orquestra Simf\u00f2nica del Vall\u00e8s. Ha estat molt interessant poder gaudir [&hellip;]<\/p>\n","protected":false},"author":5,"featured_media":11030,"comment_status":"open","ping_status":"closed","sticky":false,"template":"","format":"standard","meta":{"_bbp_topic_count":0,"_bbp_reply_count":0,"_bbp_total_topic_count":0,"_bbp_total_reply_count":0,"_bbp_voice_count":0,"_bbp_anonymous_reply_count":0,"_bbp_topic_count_hidden":0,"_bbp_reply_count_hidden":0,"_bbp_forum_subforum_count":0,"site-sidebar-layout":"default","site-content-layout":"","ast-site-content-layout":"","site-content-style":"default","site-sidebar-style":"default","ast-global-header-display":"","ast-banner-title-visibility":"","ast-main-header-display":"","ast-hfb-above-header-display":"","ast-hfb-below-header-display":"","ast-hfb-mobile-header-display":"","site-post-title":"","ast-breadcrumbs-content":"","ast-featured-img":"","footer-sml-layout":"","theme-transparent-header-meta":"","adv-header-id-meta":"","stick-header-meta":"","header-above-stick-meta":"","header-main-stick-meta":"","header-below-stick-meta":"","astra-migrate-meta-layouts":"default","ast-page-background-enabled":"default","ast-page-background-meta":{"desktop":{"background-color":"var(--ast-global-color-4)","background-image":"","background-repeat":"repeat","background-position":"center center","background-size":"auto","background-attachment":"scroll","background-type":"","background-media":"","overlay-type":"","overlay-color":"","overlay-opacity":"","overlay-gradient":""},"tablet":{"background-color":"","background-image":"","background-repeat":"repeat","background-position":"center center","background-size":"auto","background-attachment":"scroll","background-type":"","background-media":"","overlay-type":"","overlay-color":"","overlay-opacity":"","overlay-gradient":""},"mobile":{"background-color":"","background-image":"","background-repeat":"repeat","background-position":"center center","background-size":"auto","background-attachment":"scroll","background-type":"","background-media":"","overlay-type":"","overlay-color":"","overlay-opacity":"","overlay-gradient":""}},"ast-content-background-meta":{"desktop":{"background-color":"var(--ast-global-color-5)","background-image":"","background-repeat":"repeat","background-position":"center center","background-size":"auto","background-attachment":"scroll","background-type":"","background-media":"","overlay-type":"","overlay-color":"","overlay-opacity":"","overlay-gradient":""},"tablet":{"background-color":"var(--ast-global-color-5)","background-image":"","background-repeat":"repeat","background-position":"center center","background-size":"auto","background-attachment":"scroll","background-type":"","background-media":"","overlay-type":"","overlay-color":"","overlay-opacity":"","overlay-gradient":""},"mobile":{"background-color":"var(--ast-global-color-5)","background-image":"","background-repeat":"repeat","background-position":"center center","background-size":"auto","background-attachment":"scroll","background-type":"","background-media":"","overlay-type":"","overlay-color":"","overlay-opacity":"","overlay-gradient":""}},"footnotes":""},"categories":[1,30,29],"tags":[],"class_list":["post-11021","post","type-post","status-publish","format-standard","has-post-thumbnail","hentry","category-bloctarres","category-infantil","category-portada"],"post_mailing_queue_ids":[],"_links":{"self":[{"href":"https:\/\/agora.xtec.cat\/col-tarres\/wp-json\/wp\/v2\/posts\/11021","targetHints":{"allow":["GET"]}}],"collection":[{"href":"https:\/\/agora.xtec.cat\/col-tarres\/wp-json\/wp\/v2\/posts"}],"about":[{"href":"https:\/\/agora.xtec.cat\/col-tarres\/wp-json\/wp\/v2\/types\/post"}],"author":[{"embeddable":true,"href":"https:\/\/agora.xtec.cat\/col-tarres\/wp-json\/wp\/v2\/users\/5"}],"replies":[{"embeddable":true,"href":"https:\/\/agora.xtec.cat\/col-tarres\/wp-json\/wp\/v2\/comments?post=11021"}],"version-history":[{"count":3,"href":"https:\/\/agora.xtec.cat\/col-tarres\/wp-json\/wp\/v2\/posts\/11021\/revisions"}],"predecessor-version":[{"id":11068,"href":"https:\/\/agora.xtec.cat\/col-tarres\/wp-json\/wp\/v2\/posts\/11021\/revisions\/11068"}],"wp:featuredmedia":[{"embeddable":true,"href":"https:\/\/agora.xtec.cat\/col-tarres\/wp-json\/wp\/v2\/media\/11030"}],"wp:attachment":[{"href":"https:\/\/agora.xtec.cat\/col-tarres\/wp-json\/wp\/v2\/media?parent=11021"}],"wp:term":[{"taxonomy":"category","embeddable":true,"href":"https:\/\/agora.xtec.cat\/col-tarres\/wp-json\/wp\/v2\/categories?post=11021"},{"taxonomy":"post_tag","embeddable":true,"href":"https:\/\/agora.xtec.cat\/col-tarres\/wp-json\/wp\/v2\/tags?post=11021"}],"curies":[{"name":"wp","href":"https:\/\/api.w.org\/{rel}","templated":true}]}}