{"id":10809,"date":"2019-04-02T14:18:35","date_gmt":"2019-04-02T12:18:35","guid":{"rendered":"http:\/\/agora.xtec.cat\/col-tarres\/?p=10809"},"modified":"2019-04-07T20:57:58","modified_gmt":"2019-04-07T18:57:58","slug":"lentorn-es-cosa-de-tots-4t-5e-i-6e-dep","status":"publish","type":"post","link":"https:\/\/agora.xtec.cat\/col-tarres\/bloctarres\/lentorn-es-cosa-de-tots-4t-5e-i-6e-dep\/","title":{"rendered":"L&#8217;entorn \u00e9s cosa de tots! (4t, 5\u00e8 i 6\u00e8 d&#8217;EP)"},"content":{"rendered":"<p>El nostre projecte interdisciplinari va comen\u00e7ar el 18 de mar\u00e7.<\/p>\n<p>El tema de refer\u00e8ncia va ser &#8220;<strong>El nostre entorn<\/strong>&#8220;. Vol\u00edem saber si estava net o no, si estava ben cuidat, si la gent estava conscienciada amb el reciclatge&#8230;<\/p>\n<p>Per fer aquest treball els cursos de 4t, 5\u00e8 i 6\u00e8 ens vam barrejar en tres grups. El primer que vam fer va ser una planificaci\u00f3 de la feina que hav\u00edem de realitzar per les tardes al llarg de dues setmanes.<\/p>\n<p>Algunes de les activitats van ser aquestes:<\/p>\n<ul>\n<li>Elaboraci\u00f3 de gr\u00e0fiques sobre els mitjans de transport que els alumnes de l&#8217;Escola utilitzen per arribar al centre.<\/li>\n<li>Observaci\u00f3 presencial del nostre entorn escolar i recull d&#8217;informaci\u00f3.<\/li>\n<li>Elaboraci\u00f3 de l&#8217;escrit on deixem pal\u00e8s el que vam trobar-nos en aquesta sortida i com desitjar\u00edem que hagu\u00e9s estat.<\/li>\n<li>Elaboraci\u00f3 d&#8217;un q\u00fcestionari per a saber com gestiona el tema de residus i reciclatge\u00a0 un municipi proper al nostre i\u00a0 una ciutat estrangera.<\/li>\n<li>Comparaci\u00f3 de les respostes rebudes per part de les persones que representen les dues ciutats.<\/li>\n<li>Creaci\u00f3\u00a0 de can\u00e7ons de conscienciaci\u00f3 sobre la necessitat de cuidar l&#8217;entorn i reciclar.<\/li>\n<li>Activitat <em>Escape room<\/em> sobre els residus i el reciclatge.<\/li>\n<\/ul>\n<p>L&#8217;\u00faltim dia, vam interpretar les nostres can\u00e7ons davant els companys. Els missatges eren positius i \u00e9s que cal ser proactius: \u00c9s molt millor educar que sancionar, no creieu?<\/p>\n<p>Algunes de les imatges d&#8217;aquestes activitats les podeu veure si premeu <a href=\"https:\/\/photos.app.goo.gl\/S6kUqmJHVYbDcBur5\">aqu\u00ed.<\/a><\/p>\n","protected":false},"excerpt":{"rendered":"<p>El nostre projecte interdisciplinari va comen\u00e7ar el 18 de mar\u00e7. El tema de refer\u00e8ncia va ser &#8220;El nostre entorn&#8220;. Vol\u00edem [&hellip;]<\/p>\n","protected":false},"author":5,"featured_media":0,"comment_status":"open","ping_status":"closed","sticky":false,"template":"","format":"standard","meta":{"_bbp_topic_count":0,"_bbp_reply_count":0,"_bbp_total_topic_count":0,"_bbp_total_reply_count":0,"_bbp_voice_count":0,"_bbp_anonymous_reply_count":0,"_bbp_topic_count_hidden":0,"_bbp_reply_count_hidden":0,"_bbp_forum_subforum_count":0,"site-sidebar-layout":"default","site-content-layout":"","ast-site-content-layout":"","site-content-style":"default","site-sidebar-style":"default","ast-global-header-display":"","ast-banner-title-visibility":"","ast-main-header-display":"","ast-hfb-above-header-display":"","ast-hfb-below-header-display":"","ast-hfb-mobile-header-display":"","site-post-title":"","ast-breadcrumbs-content":"","ast-featured-img":"","footer-sml-layout":"","theme-transparent-header-meta":"","adv-header-id-meta":"","stick-header-meta":"","header-above-stick-meta":"","header-main-stick-meta":"","header-below-stick-meta":"","astra-migrate-meta-layouts":"default","ast-page-background-enabled":"default","ast-page-background-meta":{"desktop":{"background-color":"var(--ast-global-color-4)","background-image":"","background-repeat":"repeat","background-position":"center center","background-size":"auto","background-attachment":"scroll","background-type":"","background-media":"","overlay-type":"","overlay-color":"","overlay-opacity":"","overlay-gradient":""},"tablet":{"background-color":"","background-image":"","background-repeat":"repeat","background-position":"center center","background-size":"auto","background-attachment":"scroll","background-type":"","background-media":"","overlay-type":"","overlay-color":"","overlay-opacity":"","overlay-gradient":""},"mobile":{"background-color":"","background-image":"","background-repeat":"repeat","background-position":"center center","background-size":"auto","background-attachment":"scroll","background-type":"","background-media":"","overlay-type":"","overlay-color":"","overlay-opacity":"","overlay-gradient":""}},"ast-content-background-meta":{"desktop":{"background-color":"var(--ast-global-color-5)","background-image":"","background-repeat":"repeat","background-position":"center center","background-size":"auto","background-attachment":"scroll","background-type":"","background-media":"","overlay-type":"","overlay-color":"","overlay-opacity":"","overlay-gradient":""},"tablet":{"background-color":"var(--ast-global-color-5)","background-image":"","background-repeat":"repeat","background-position":"center center","background-size":"auto","background-attachment":"scroll","background-type":"","background-media":"","overlay-type":"","overlay-color":"","overlay-opacity":"","overlay-gradient":""},"mobile":{"background-color":"var(--ast-global-color-5)","background-image":"","background-repeat":"repeat","background-position":"center center","background-size":"auto","background-attachment":"scroll","background-type":"","background-media":"","overlay-type":"","overlay-color":"","overlay-opacity":"","overlay-gradient":""}},"footnotes":""},"categories":[1,29,8],"tags":[],"class_list":["post-10809","post","type-post","status-publish","format-standard","hentry","category-bloctarres","category-portada","category-primaria"],"post_mailing_queue_ids":[],"_links":{"self":[{"href":"https:\/\/agora.xtec.cat\/col-tarres\/wp-json\/wp\/v2\/posts\/10809","targetHints":{"allow":["GET"]}}],"collection":[{"href":"https:\/\/agora.xtec.cat\/col-tarres\/wp-json\/wp\/v2\/posts"}],"about":[{"href":"https:\/\/agora.xtec.cat\/col-tarres\/wp-json\/wp\/v2\/types\/post"}],"author":[{"embeddable":true,"href":"https:\/\/agora.xtec.cat\/col-tarres\/wp-json\/wp\/v2\/users\/5"}],"replies":[{"embeddable":true,"href":"https:\/\/agora.xtec.cat\/col-tarres\/wp-json\/wp\/v2\/comments?post=10809"}],"version-history":[{"count":3,"href":"https:\/\/agora.xtec.cat\/col-tarres\/wp-json\/wp\/v2\/posts\/10809\/revisions"}],"predecessor-version":[{"id":10844,"href":"https:\/\/agora.xtec.cat\/col-tarres\/wp-json\/wp\/v2\/posts\/10809\/revisions\/10844"}],"wp:attachment":[{"href":"https:\/\/agora.xtec.cat\/col-tarres\/wp-json\/wp\/v2\/media?parent=10809"}],"wp:term":[{"taxonomy":"category","embeddable":true,"href":"https:\/\/agora.xtec.cat\/col-tarres\/wp-json\/wp\/v2\/categories?post=10809"},{"taxonomy":"post_tag","embeddable":true,"href":"https:\/\/agora.xtec.cat\/col-tarres\/wp-json\/wp\/v2\/tags?post=10809"}],"curies":[{"name":"wp","href":"https:\/\/api.w.org\/{rel}","templated":true}]}}