{"id":10560,"date":"2019-01-24T00:09:06","date_gmt":"2019-01-23T23:09:06","guid":{"rendered":"http:\/\/agora.xtec.cat\/col-tarres\/?p=10560"},"modified":"2019-01-24T00:20:55","modified_gmt":"2019-01-23T23:20:55","slug":"robotica-imatges","status":"publish","type":"post","link":"https:\/\/agora.xtec.cat\/col-tarres\/bloctarres\/robotica-imatges\/","title":{"rendered":"Rob\u00f2tica: imatges del primer trimestre"},"content":{"rendered":"<p><a href=\"https:\/\/agora.xtec.cat\/col-tarres\/wp-content\/uploads\/usu1585\/2019\/01\/LligaLEgoGrans.jpg\"><img loading=\"lazy\" decoding=\"async\" class=\" wp-image-10558 aligncenter\" src=\"https:\/\/agora.xtec.cat\/col-tarres\/wp-content\/uploads\/usu1585\/2019\/01\/LligaLEgoGrans.jpg\" alt=\"\" width=\"568\" height=\"426\" srcset=\"https:\/\/agora.xtec.cat\/col-tarres\/wp-content\/uploads\/usu1585\/2019\/01\/LligaLEgoGrans.jpg 1600w, https:\/\/agora.xtec.cat\/col-tarres\/wp-content\/uploads\/usu1585\/2019\/01\/LligaLEgoGrans-300x225.jpg 300w, https:\/\/agora.xtec.cat\/col-tarres\/wp-content\/uploads\/usu1585\/2019\/01\/LligaLEgoGrans-768x576.jpg 768w, https:\/\/agora.xtec.cat\/col-tarres\/wp-content\/uploads\/usu1585\/2019\/01\/LligaLEgoGrans-1024x768.jpg 1024w, https:\/\/agora.xtec.cat\/col-tarres\/wp-content\/uploads\/usu1585\/2019\/01\/LligaLEgoGrans-200x150.jpg 200w\" sizes=\"auto, (max-width: 568px) 100vw, 568px\" \/><\/a><\/p>\n<p>Us deixem el recull de fotos de la setmana tem\u00e0tica de Nadal que els nens i nenes de rob\u00f2tica v\u00e0ren fer l&#8217;\u00faltima setmana del trimestre i en la qual van fer una activitat del codi ASCII. Podeu veure <a href=\"https:\/\/drive.google.com\/drive\/folders\/1BKepCgM96P_s8LdCN5GW2a_y3QOa31sj?usp=sharing\">aqu\u00ed<\/a> les imatges.<\/p>\n<p>Tamb\u00e9 deixem les fotos de les construccions de la Lliga de Rob\u00f2tica Escolar.\u00a0Amb les escoles on <a href=\"https:\/\/village-activitats.webnode.cat\/\">Village Niu<\/a> realitza l&#8217;extraescolar de Rob\u00f2tica, s&#8217;ha fet una classificaci\u00f3 on al final de cada trimestre els nens i nenes hauran de fer una construcci\u00f3 amb programaci\u00f3, es valoraran i es premiaran. A final de curs ho faran tots junts i en sortir\u00e0 un guanyador. Les imatges de la lliga, les deixem <a href=\"https:\/\/drive.google.com\/drive\/folders\/135I-hG2sh_O2-H5sdNCWulfqzBXutqsn?usp=sharing\">aqu\u00ed<\/a>.<\/p>\n<p><em>Els monitors de Rob\u00f2tica.<\/em><\/p>\n","protected":false},"excerpt":{"rendered":"<p>Us deixem el recull de fotos de la setmana tem\u00e0tica de Nadal que els nens i nenes de rob\u00f2tica v\u00e0ren [&hellip;]<\/p>\n","protected":false},"author":8,"featured_media":10558,"comment_status":"open","ping_status":"closed","sticky":false,"template":"","format":"standard","meta":{"_bbp_topic_count":0,"_bbp_reply_count":0,"_bbp_total_topic_count":0,"_bbp_total_reply_count":0,"_bbp_voice_count":0,"_bbp_anonymous_reply_count":0,"_bbp_topic_count_hidden":0,"_bbp_reply_count_hidden":0,"_bbp_forum_subforum_count":0,"site-sidebar-layout":"default","site-content-layout":"","ast-site-content-layout":"","site-content-style":"default","site-sidebar-style":"default","ast-global-header-display":"","ast-banner-title-visibility":"","ast-main-header-display":"","ast-hfb-above-header-display":"","ast-hfb-below-header-display":"","ast-hfb-mobile-header-display":"","site-post-title":"","ast-breadcrumbs-content":"","ast-featured-img":"","footer-sml-layout":"","theme-transparent-header-meta":"","adv-header-id-meta":"","stick-header-meta":"","header-above-stick-meta":"","header-main-stick-meta":"","header-below-stick-meta":"","astra-migrate-meta-layouts":"default","ast-page-background-enabled":"default","ast-page-background-meta":{"desktop":{"background-color":"var(--ast-global-color-4)","background-image":"","background-repeat":"repeat","background-position":"center center","background-size":"auto","background-attachment":"scroll","background-type":"","background-media":"","overlay-type":"","overlay-color":"","overlay-opacity":"","overlay-gradient":""},"tablet":{"background-color":"","background-image":"","background-repeat":"repeat","background-position":"center center","background-size":"auto","background-attachment":"scroll","background-type":"","background-media":"","overlay-type":"","overlay-color":"","overlay-opacity":"","overlay-gradient":""},"mobile":{"background-color":"","background-image":"","background-repeat":"repeat","background-position":"center center","background-size":"auto","background-attachment":"scroll","background-type":"","background-media":"","overlay-type":"","overlay-color":"","overlay-opacity":"","overlay-gradient":""}},"ast-content-background-meta":{"desktop":{"background-color":"var(--ast-global-color-5)","background-image":"","background-repeat":"repeat","background-position":"center center","background-size":"auto","background-attachment":"scroll","background-type":"","background-media":"","overlay-type":"","overlay-color":"","overlay-opacity":"","overlay-gradient":""},"tablet":{"background-color":"var(--ast-global-color-5)","background-image":"","background-repeat":"repeat","background-position":"center center","background-size":"auto","background-attachment":"scroll","background-type":"","background-media":"","overlay-type":"","overlay-color":"","overlay-opacity":"","overlay-gradient":""},"mobile":{"background-color":"var(--ast-global-color-5)","background-image":"","background-repeat":"repeat","background-position":"center center","background-size":"auto","background-attachment":"scroll","background-type":"","background-media":"","overlay-type":"","overlay-color":"","overlay-opacity":"","overlay-gradient":""}},"footnotes":""},"categories":[1,110,29],"tags":[],"class_list":["post-10560","post","type-post","status-publish","format-standard","has-post-thumbnail","hentry","category-bloctarres","category-extraescolars-casals","category-portada"],"post_mailing_queue_ids":[],"_links":{"self":[{"href":"https:\/\/agora.xtec.cat\/col-tarres\/wp-json\/wp\/v2\/posts\/10560","targetHints":{"allow":["GET"]}}],"collection":[{"href":"https:\/\/agora.xtec.cat\/col-tarres\/wp-json\/wp\/v2\/posts"}],"about":[{"href":"https:\/\/agora.xtec.cat\/col-tarres\/wp-json\/wp\/v2\/types\/post"}],"author":[{"embeddable":true,"href":"https:\/\/agora.xtec.cat\/col-tarres\/wp-json\/wp\/v2\/users\/8"}],"replies":[{"embeddable":true,"href":"https:\/\/agora.xtec.cat\/col-tarres\/wp-json\/wp\/v2\/comments?post=10560"}],"version-history":[{"count":3,"href":"https:\/\/agora.xtec.cat\/col-tarres\/wp-json\/wp\/v2\/posts\/10560\/revisions"}],"predecessor-version":[{"id":10569,"href":"https:\/\/agora.xtec.cat\/col-tarres\/wp-json\/wp\/v2\/posts\/10560\/revisions\/10569"}],"wp:featuredmedia":[{"embeddable":true,"href":"https:\/\/agora.xtec.cat\/col-tarres\/wp-json\/wp\/v2\/media\/10558"}],"wp:attachment":[{"href":"https:\/\/agora.xtec.cat\/col-tarres\/wp-json\/wp\/v2\/media?parent=10560"}],"wp:term":[{"taxonomy":"category","embeddable":true,"href":"https:\/\/agora.xtec.cat\/col-tarres\/wp-json\/wp\/v2\/categories?post=10560"},{"taxonomy":"post_tag","embeddable":true,"href":"https:\/\/agora.xtec.cat\/col-tarres\/wp-json\/wp\/v2\/tags?post=10560"}],"curies":[{"name":"wp","href":"https:\/\/api.w.org\/{rel}","templated":true}]}}