{"id":10512,"date":"2019-01-16T00:15:14","date_gmt":"2019-01-15T23:15:14","guid":{"rendered":"http:\/\/agora.xtec.cat\/col-tarres\/?p=10512"},"modified":"2019-01-17T22:24:33","modified_gmt":"2019-01-17T21:24:33","slug":"festival-de-patinatge-el-rei-lleo","status":"publish","type":"post","link":"https:\/\/agora.xtec.cat\/col-tarres\/bloctarres\/festival-de-patinatge-el-rei-lleo\/","title":{"rendered":"Festival de patinatge: el Rei Lle\u00f3"},"content":{"rendered":"<p><a href=\"https:\/\/agora.xtec.cat\/col-tarres\/wp-content\/uploads\/usu1585\/2019\/01\/Captura-de-Pantalla-2019-01-16-a-les-0.14.37.png\"><img loading=\"lazy\" decoding=\"async\" class=\"wp-image-10513 aligncenter\" src=\"https:\/\/agora.xtec.cat\/col-tarres\/wp-content\/uploads\/usu1585\/2019\/01\/Captura-de-Pantalla-2019-01-16-a-les-0.14.37.png\" alt=\"\" width=\"682\" height=\"406\" srcset=\"https:\/\/agora.xtec.cat\/col-tarres\/wp-content\/uploads\/usu1585\/2019\/01\/Captura-de-Pantalla-2019-01-16-a-les-0.14.37.png 1284w, https:\/\/agora.xtec.cat\/col-tarres\/wp-content\/uploads\/usu1585\/2019\/01\/Captura-de-Pantalla-2019-01-16-a-les-0.14.37-300x179.png 300w, https:\/\/agora.xtec.cat\/col-tarres\/wp-content\/uploads\/usu1585\/2019\/01\/Captura-de-Pantalla-2019-01-16-a-les-0.14.37-768x457.png 768w, https:\/\/agora.xtec.cat\/col-tarres\/wp-content\/uploads\/usu1585\/2019\/01\/Captura-de-Pantalla-2019-01-16-a-les-0.14.37-1024x609.png 1024w\" sizes=\"auto, (max-width: 682px) 100vw, 682px\" \/><\/a><\/p>\n<p>L&#8217;\u00faltima setmana abans d&#8217;acabar el trimestre, l&#8217;equip de patinadores de l&#8217;Escola Tarr\u00e9s va realitzar el seu Festival de Nadal al Pavell\u00f3 Municipal d&#8217;Esports, situat al barri de Sant Oleguer.<\/p>\n<p><a href=\"https:\/\/drive.google.com\/drive\/folders\/1FlMws26Lyvtydh4hxhVEpRwZ4L4WeZZ5?usp=sharing\">Aqu\u00ed<\/a> us deixem un recull d&#8217;imatges del dia.<\/p>\n","protected":false},"excerpt":{"rendered":"<p>L&#8217;\u00faltima setmana abans d&#8217;acabar el trimestre, l&#8217;equip de patinadores de l&#8217;Escola Tarr\u00e9s va realitzar el seu Festival de Nadal al [&hellip;]<\/p>\n","protected":false},"author":8,"featured_media":10513,"comment_status":"open","ping_status":"closed","sticky":false,"template":"","format":"standard","meta":{"_bbp_topic_count":0,"_bbp_reply_count":0,"_bbp_total_topic_count":0,"_bbp_total_reply_count":0,"_bbp_voice_count":0,"_bbp_anonymous_reply_count":0,"_bbp_topic_count_hidden":0,"_bbp_reply_count_hidden":0,"_bbp_forum_subforum_count":0,"site-sidebar-layout":"default","site-content-layout":"","ast-site-content-layout":"","site-content-style":"default","site-sidebar-style":"default","ast-global-header-display":"","ast-banner-title-visibility":"","ast-main-header-display":"","ast-hfb-above-header-display":"","ast-hfb-below-header-display":"","ast-hfb-mobile-header-display":"","site-post-title":"","ast-breadcrumbs-content":"","ast-featured-img":"","footer-sml-layout":"","theme-transparent-header-meta":"","adv-header-id-meta":"","stick-header-meta":"","header-above-stick-meta":"","header-main-stick-meta":"","header-below-stick-meta":"","astra-migrate-meta-layouts":"default","ast-page-background-enabled":"default","ast-page-background-meta":{"desktop":{"background-color":"var(--ast-global-color-4)","background-image":"","background-repeat":"repeat","background-position":"center center","background-size":"auto","background-attachment":"scroll","background-type":"","background-media":"","overlay-type":"","overlay-color":"","overlay-opacity":"","overlay-gradient":""},"tablet":{"background-color":"","background-image":"","background-repeat":"repeat","background-position":"center center","background-size":"auto","background-attachment":"scroll","background-type":"","background-media":"","overlay-type":"","overlay-color":"","overlay-opacity":"","overlay-gradient":""},"mobile":{"background-color":"","background-image":"","background-repeat":"repeat","background-position":"center center","background-size":"auto","background-attachment":"scroll","background-type":"","background-media":"","overlay-type":"","overlay-color":"","overlay-opacity":"","overlay-gradient":""}},"ast-content-background-meta":{"desktop":{"background-color":"var(--ast-global-color-5)","background-image":"","background-repeat":"repeat","background-position":"center center","background-size":"auto","background-attachment":"scroll","background-type":"","background-media":"","overlay-type":"","overlay-color":"","overlay-opacity":"","overlay-gradient":""},"tablet":{"background-color":"var(--ast-global-color-5)","background-image":"","background-repeat":"repeat","background-position":"center center","background-size":"auto","background-attachment":"scroll","background-type":"","background-media":"","overlay-type":"","overlay-color":"","overlay-opacity":"","overlay-gradient":""},"mobile":{"background-color":"var(--ast-global-color-5)","background-image":"","background-repeat":"repeat","background-position":"center center","background-size":"auto","background-attachment":"scroll","background-type":"","background-media":"","overlay-type":"","overlay-color":"","overlay-opacity":"","overlay-gradient":""}},"footnotes":""},"categories":[1,29],"tags":[],"class_list":["post-10512","post","type-post","status-publish","format-standard","has-post-thumbnail","hentry","category-bloctarres","category-portada"],"post_mailing_queue_ids":[],"_links":{"self":[{"href":"https:\/\/agora.xtec.cat\/col-tarres\/wp-json\/wp\/v2\/posts\/10512","targetHints":{"allow":["GET"]}}],"collection":[{"href":"https:\/\/agora.xtec.cat\/col-tarres\/wp-json\/wp\/v2\/posts"}],"about":[{"href":"https:\/\/agora.xtec.cat\/col-tarres\/wp-json\/wp\/v2\/types\/post"}],"author":[{"embeddable":true,"href":"https:\/\/agora.xtec.cat\/col-tarres\/wp-json\/wp\/v2\/users\/8"}],"replies":[{"embeddable":true,"href":"https:\/\/agora.xtec.cat\/col-tarres\/wp-json\/wp\/v2\/comments?post=10512"}],"version-history":[{"count":3,"href":"https:\/\/agora.xtec.cat\/col-tarres\/wp-json\/wp\/v2\/posts\/10512\/revisions"}],"predecessor-version":[{"id":10529,"href":"https:\/\/agora.xtec.cat\/col-tarres\/wp-json\/wp\/v2\/posts\/10512\/revisions\/10529"}],"wp:featuredmedia":[{"embeddable":true,"href":"https:\/\/agora.xtec.cat\/col-tarres\/wp-json\/wp\/v2\/media\/10513"}],"wp:attachment":[{"href":"https:\/\/agora.xtec.cat\/col-tarres\/wp-json\/wp\/v2\/media?parent=10512"}],"wp:term":[{"taxonomy":"category","embeddable":true,"href":"https:\/\/agora.xtec.cat\/col-tarres\/wp-json\/wp\/v2\/categories?post=10512"},{"taxonomy":"post_tag","embeddable":true,"href":"https:\/\/agora.xtec.cat\/col-tarres\/wp-json\/wp\/v2\/tags?post=10512"}],"curies":[{"name":"wp","href":"https:\/\/api.w.org\/{rel}","templated":true}]}}