{"id":10507,"date":"2019-01-16T00:20:14","date_gmt":"2019-01-15T23:20:14","guid":{"rendered":"http:\/\/agora.xtec.cat\/col-tarres\/?p=10507"},"modified":"2019-02-05T16:45:14","modified_gmt":"2019-02-05T15:45:14","slug":"jornada-de-portes-obertes-2019","status":"publish","type":"post","link":"https:\/\/agora.xtec.cat\/col-tarres\/bloctarres\/jornada-de-portes-obertes-2019\/","title":{"rendered":"9 de mar\u00e7: Portes obertes!"},"content":{"rendered":"<p><a href=\"https:\/\/agora.xtec.cat\/col-tarres\/wp-content\/uploads\/usu1585\/2019\/01\/OOD-LIFE.jpg\"><img loading=\"lazy\" decoding=\"async\" class=\"wp-image-10508 aligncenter\" src=\"https:\/\/agora.xtec.cat\/col-tarres\/wp-content\/uploads\/usu1585\/2019\/01\/OOD-LIFE.jpg\" alt=\"\" width=\"726\" height=\"408\" srcset=\"https:\/\/agora.xtec.cat\/col-tarres\/wp-content\/uploads\/usu1585\/2019\/01\/OOD-LIFE.jpg 1920w, https:\/\/agora.xtec.cat\/col-tarres\/wp-content\/uploads\/usu1585\/2019\/01\/OOD-LIFE-300x169.jpg 300w, https:\/\/agora.xtec.cat\/col-tarres\/wp-content\/uploads\/usu1585\/2019\/01\/OOD-LIFE-768x432.jpg 768w, https:\/\/agora.xtec.cat\/col-tarres\/wp-content\/uploads\/usu1585\/2019\/01\/OOD-LIFE-1024x576.jpg 1024w\" sizes=\"auto, (max-width: 726px) 100vw, 726px\" \/><\/a><\/p>\n<p class=\"p1\"><span class=\"s1\">Benvolgudes fam\u00edlies,<\/span><\/p>\n<p class=\"p1\"><span class=\"s1\">Al llarg dels mesos de febrer i mar\u00e7, les fam\u00edlies amb infants que han de comen\u00e7ar l\u2019escolaritzaci\u00f3 necessiten con\u00e8ixer les diferents ofertes educatives que hi ha a la ciutat.\u00a0<\/span><span class=\"s1\">\u00c9s per aix\u00f2 que dissabte, 9 de mar\u00e7, realitzarem una jornada de portes obertes a l&#8217;Escola en la que us explicarem qui som, com som i com treballem.\u00a0<\/span><\/p>\n<div class=\"\" data-block=\"true\" data-editor=\"b5rm1\" data-offset-key=\"2lt63-0-0\">Dia:<strong>\u00a0dissabte, 9 de mar\u00e7 de 2019<\/strong><\/div>\n<div data-block=\"true\" data-editor=\"b5rm1\" data-offset-key=\"2lt63-0-0\"><\/div>\n<p class=\"p1\">Hora:<strong> de 11 a 13:30h<\/strong>.<\/p>\n<p class=\"p1\">La visita estar\u00e0 adre\u00e7ada a totes aquelles fam\u00edlies que hi estiguin interessades, per aix\u00f2 durem a terme unes sessions informatives en les que s\u2019explicar\u00e0 el funcionament general de l\u2019Escola i l&#8217;espec\u00edfic de cada etapa:<\/p>\n<ul style=\"list-style-type: square;\">\n<li class=\"p1\"><strong>Infantil i Prim\u00e0ria<\/strong>: dues sessions, a les 11h i a les 12h.<\/li>\n<li class=\"p1\"><strong>Secund\u00e0ria<\/strong>: una \u00fanica sessi\u00f3, a les 12h.<\/li>\n<\/ul>\n<p class=\"p1\"><span class=\"s1\">Si necessiteu m\u00e9s informaci\u00f3 no dubteu en enviar-nos\u00a0 un <a href=\"mailto:elenaarderiu@escolatarres.com\">email<\/a>, un <a href=\"https:\/\/www.facebook.com\/messages\/t\/escolatarres\">missatge directe a trav\u00e9s de Facebook\u00a0<\/a>o trucant al tel\u00e8fon de l\u2019Escola (937 23 57 01).<\/span><\/p>\n<p class=\"p1\"><span class=\"s1\">Us hi esperem!<\/span><\/p>\n<p><em>La Direcci\u00f3.<\/em><\/p>\n<p class=\"p1\">\n","protected":false},"excerpt":{"rendered":"<p>Benvolgudes fam\u00edlies, Al llarg dels mesos de febrer i mar\u00e7, les fam\u00edlies amb infants que han de comen\u00e7ar l\u2019escolaritzaci\u00f3 necessiten [&hellip;]<\/p>\n","protected":false},"author":8,"featured_media":10510,"comment_status":"open","ping_status":"closed","sticky":false,"template":"","format":"standard","meta":{"_bbp_topic_count":0,"_bbp_reply_count":0,"_bbp_total_topic_count":0,"_bbp_total_reply_count":0,"_bbp_voice_count":0,"_bbp_anonymous_reply_count":0,"_bbp_topic_count_hidden":0,"_bbp_reply_count_hidden":0,"_bbp_forum_subforum_count":0,"site-sidebar-layout":"default","site-content-layout":"","ast-site-content-layout":"","site-content-style":"default","site-sidebar-style":"default","ast-global-header-display":"","ast-banner-title-visibility":"","ast-main-header-display":"","ast-hfb-above-header-display":"","ast-hfb-below-header-display":"","ast-hfb-mobile-header-display":"","site-post-title":"","ast-breadcrumbs-content":"","ast-featured-img":"","footer-sml-layout":"","theme-transparent-header-meta":"","adv-header-id-meta":"","stick-header-meta":"","header-above-stick-meta":"","header-main-stick-meta":"","header-below-stick-meta":"","astra-migrate-meta-layouts":"default","ast-page-background-enabled":"default","ast-page-background-meta":{"desktop":{"background-color":"var(--ast-global-color-4)","background-image":"","background-repeat":"repeat","background-position":"center center","background-size":"auto","background-attachment":"scroll","background-type":"","background-media":"","overlay-type":"","overlay-color":"","overlay-opacity":"","overlay-gradient":""},"tablet":{"background-color":"","background-image":"","background-repeat":"repeat","background-position":"center center","background-size":"auto","background-attachment":"scroll","background-type":"","background-media":"","overlay-type":"","overlay-color":"","overlay-opacity":"","overlay-gradient":""},"mobile":{"background-color":"","background-image":"","background-repeat":"repeat","background-position":"center center","background-size":"auto","background-attachment":"scroll","background-type":"","background-media":"","overlay-type":"","overlay-color":"","overlay-opacity":"","overlay-gradient":""}},"ast-content-background-meta":{"desktop":{"background-color":"var(--ast-global-color-5)","background-image":"","background-repeat":"repeat","background-position":"center center","background-size":"auto","background-attachment":"scroll","background-type":"","background-media":"","overlay-type":"","overlay-color":"","overlay-opacity":"","overlay-gradient":""},"tablet":{"background-color":"var(--ast-global-color-5)","background-image":"","background-repeat":"repeat","background-position":"center center","background-size":"auto","background-attachment":"scroll","background-type":"","background-media":"","overlay-type":"","overlay-color":"","overlay-opacity":"","overlay-gradient":""},"mobile":{"background-color":"var(--ast-global-color-5)","background-image":"","background-repeat":"repeat","background-position":"center center","background-size":"auto","background-attachment":"scroll","background-type":"","background-media":"","overlay-type":"","overlay-color":"","overlay-opacity":"","overlay-gradient":""}},"footnotes":""},"categories":[1,29],"tags":[],"class_list":["post-10507","post","type-post","status-publish","format-standard","has-post-thumbnail","hentry","category-bloctarres","category-portada"],"post_mailing_queue_ids":[],"_links":{"self":[{"href":"https:\/\/agora.xtec.cat\/col-tarres\/wp-json\/wp\/v2\/posts\/10507","targetHints":{"allow":["GET"]}}],"collection":[{"href":"https:\/\/agora.xtec.cat\/col-tarres\/wp-json\/wp\/v2\/posts"}],"about":[{"href":"https:\/\/agora.xtec.cat\/col-tarres\/wp-json\/wp\/v2\/types\/post"}],"author":[{"embeddable":true,"href":"https:\/\/agora.xtec.cat\/col-tarres\/wp-json\/wp\/v2\/users\/8"}],"replies":[{"embeddable":true,"href":"https:\/\/agora.xtec.cat\/col-tarres\/wp-json\/wp\/v2\/comments?post=10507"}],"version-history":[{"count":5,"href":"https:\/\/agora.xtec.cat\/col-tarres\/wp-json\/wp\/v2\/posts\/10507\/revisions"}],"predecessor-version":[{"id":10639,"href":"https:\/\/agora.xtec.cat\/col-tarres\/wp-json\/wp\/v2\/posts\/10507\/revisions\/10639"}],"wp:featuredmedia":[{"embeddable":true,"href":"https:\/\/agora.xtec.cat\/col-tarres\/wp-json\/wp\/v2\/media\/10510"}],"wp:attachment":[{"href":"https:\/\/agora.xtec.cat\/col-tarres\/wp-json\/wp\/v2\/media?parent=10507"}],"wp:term":[{"taxonomy":"category","embeddable":true,"href":"https:\/\/agora.xtec.cat\/col-tarres\/wp-json\/wp\/v2\/categories?post=10507"},{"taxonomy":"post_tag","embeddable":true,"href":"https:\/\/agora.xtec.cat\/col-tarres\/wp-json\/wp\/v2\/tags?post=10507"}],"curies":[{"name":"wp","href":"https:\/\/api.w.org\/{rel}","templated":true}]}}