{"id":10403,"date":"2018-12-26T01:52:32","date_gmt":"2018-12-26T00:52:32","guid":{"rendered":"http:\/\/agora.xtec.cat\/col-tarres\/?p=10403"},"modified":"2018-12-26T22:34:33","modified_gmt":"2018-12-26T21:34:33","slug":"cantada-de-nadales-a-can-balsach-infantil-i-primaria","status":"publish","type":"post","link":"https:\/\/agora.xtec.cat\/col-tarres\/primaria\/cantada-de-nadales-a-can-balsach-infantil-i-primaria\/","title":{"rendered":"Cantada de Nadales a Can Balsach (Infantil i Prim\u00e0ria)"},"content":{"rendered":"<p><a href=\"https:\/\/agora.xtec.cat\/col-tarres\/wp-content\/uploads\/usu1585\/2018\/12\/Captura-de-Pantalla-2018-12-26-a-les-1.51.24-1.png\"><img loading=\"lazy\" decoding=\"async\" class=\"wp-image-10405 aligncenter\" src=\"https:\/\/agora.xtec.cat\/col-tarres\/wp-content\/uploads\/usu1585\/2018\/12\/Captura-de-Pantalla-2018-12-26-a-les-1.51.24-1.png\" alt=\"\" width=\"565\" height=\"343\" srcset=\"https:\/\/agora.xtec.cat\/col-tarres\/wp-content\/uploads\/usu1585\/2018\/12\/Captura-de-Pantalla-2018-12-26-a-les-1.51.24-1.png 974w, https:\/\/agora.xtec.cat\/col-tarres\/wp-content\/uploads\/usu1585\/2018\/12\/Captura-de-Pantalla-2018-12-26-a-les-1.51.24-1-300x182.png 300w, https:\/\/agora.xtec.cat\/col-tarres\/wp-content\/uploads\/usu1585\/2018\/12\/Captura-de-Pantalla-2018-12-26-a-les-1.51.24-1-768x467.png 768w\" sizes=\"auto, (max-width: 565px) 100vw, 565px\" \/><\/a><\/p>\n<p>Us deixem el recull de v\u00eddeos de les actuacions musicals que van protagonitzar els nens i nenes d&#8217;Infantil i Prim\u00e0ria els passats dies 19 i 20 de desembre al Centre C\u00edvic de La Creu Alta-Can Balsach.<\/p>\n<p>Els i les alumnes de cada nivell van recitar un poema i a continuaci\u00f3 van cantar una can\u00e7\u00f3 de Nadal. Tots ho van fer la mar de b\u00e9!<\/p>\n<p><a href=\"https:\/\/drive.google.com\/drive\/folders\/1jcyoqZNZql0R07dc_Y4BzI_VhAjP_5pv?usp=sharing\">Prement aqu\u00ed<\/a>, hi podreu accedir.<\/p>\n<p>Bon Nadal i bon Any Nou!<\/p>\n<p>&nbsp;<\/p>\n<p><em>Els i les mestres d&#8217;Educaci\u00f3 Infantil i Prim\u00e0ria.<\/em><\/p>\n<p>&nbsp;<\/p>\n","protected":false},"excerpt":{"rendered":"<p>Us deixem el recull de v\u00eddeos de les actuacions musicals que van protagonitzar els nens i nenes d&#8217;Infantil i Prim\u00e0ria [&hellip;]<\/p>\n","protected":false},"author":8,"featured_media":10405,"comment_status":"open","ping_status":"closed","sticky":false,"template":"","format":"standard","meta":{"_bbp_topic_count":0,"_bbp_reply_count":0,"_bbp_total_topic_count":0,"_bbp_total_reply_count":0,"_bbp_voice_count":0,"_bbp_anonymous_reply_count":0,"_bbp_topic_count_hidden":0,"_bbp_reply_count_hidden":0,"_bbp_forum_subforum_count":0,"site-sidebar-layout":"default","site-content-layout":"","ast-site-content-layout":"","site-content-style":"default","site-sidebar-style":"default","ast-global-header-display":"","ast-banner-title-visibility":"","ast-main-header-display":"","ast-hfb-above-header-display":"","ast-hfb-below-header-display":"","ast-hfb-mobile-header-display":"","site-post-title":"","ast-breadcrumbs-content":"","ast-featured-img":"","footer-sml-layout":"","theme-transparent-header-meta":"","adv-header-id-meta":"","stick-header-meta":"","header-above-stick-meta":"","header-main-stick-meta":"","header-below-stick-meta":"","astra-migrate-meta-layouts":"default","ast-page-background-enabled":"default","ast-page-background-meta":{"desktop":{"background-color":"var(--ast-global-color-4)","background-image":"","background-repeat":"repeat","background-position":"center center","background-size":"auto","background-attachment":"scroll","background-type":"","background-media":"","overlay-type":"","overlay-color":"","overlay-opacity":"","overlay-gradient":""},"tablet":{"background-color":"","background-image":"","background-repeat":"repeat","background-position":"center center","background-size":"auto","background-attachment":"scroll","background-type":"","background-media":"","overlay-type":"","overlay-color":"","overlay-opacity":"","overlay-gradient":""},"mobile":{"background-color":"","background-image":"","background-repeat":"repeat","background-position":"center center","background-size":"auto","background-attachment":"scroll","background-type":"","background-media":"","overlay-type":"","overlay-color":"","overlay-opacity":"","overlay-gradient":""}},"ast-content-background-meta":{"desktop":{"background-color":"var(--ast-global-color-5)","background-image":"","background-repeat":"repeat","background-position":"center center","background-size":"auto","background-attachment":"scroll","background-type":"","background-media":"","overlay-type":"","overlay-color":"","overlay-opacity":"","overlay-gradient":""},"tablet":{"background-color":"var(--ast-global-color-5)","background-image":"","background-repeat":"repeat","background-position":"center center","background-size":"auto","background-attachment":"scroll","background-type":"","background-media":"","overlay-type":"","overlay-color":"","overlay-opacity":"","overlay-gradient":""},"mobile":{"background-color":"var(--ast-global-color-5)","background-image":"","background-repeat":"repeat","background-position":"center center","background-size":"auto","background-attachment":"scroll","background-type":"","background-media":"","overlay-type":"","overlay-color":"","overlay-opacity":"","overlay-gradient":""}},"footnotes":""},"categories":[30,29,8],"tags":[108],"class_list":["post-10403","post","type-post","status-publish","format-standard","has-post-thumbnail","hentry","category-infantil","category-portada","category-primaria","tag-nadal2018"],"post_mailing_queue_ids":[],"_links":{"self":[{"href":"https:\/\/agora.xtec.cat\/col-tarres\/wp-json\/wp\/v2\/posts\/10403","targetHints":{"allow":["GET"]}}],"collection":[{"href":"https:\/\/agora.xtec.cat\/col-tarres\/wp-json\/wp\/v2\/posts"}],"about":[{"href":"https:\/\/agora.xtec.cat\/col-tarres\/wp-json\/wp\/v2\/types\/post"}],"author":[{"embeddable":true,"href":"https:\/\/agora.xtec.cat\/col-tarres\/wp-json\/wp\/v2\/users\/8"}],"replies":[{"embeddable":true,"href":"https:\/\/agora.xtec.cat\/col-tarres\/wp-json\/wp\/v2\/comments?post=10403"}],"version-history":[{"count":3,"href":"https:\/\/agora.xtec.cat\/col-tarres\/wp-json\/wp\/v2\/posts\/10403\/revisions"}],"predecessor-version":[{"id":10442,"href":"https:\/\/agora.xtec.cat\/col-tarres\/wp-json\/wp\/v2\/posts\/10403\/revisions\/10442"}],"wp:featuredmedia":[{"embeddable":true,"href":"https:\/\/agora.xtec.cat\/col-tarres\/wp-json\/wp\/v2\/media\/10405"}],"wp:attachment":[{"href":"https:\/\/agora.xtec.cat\/col-tarres\/wp-json\/wp\/v2\/media?parent=10403"}],"wp:term":[{"taxonomy":"category","embeddable":true,"href":"https:\/\/agora.xtec.cat\/col-tarres\/wp-json\/wp\/v2\/categories?post=10403"},{"taxonomy":"post_tag","embeddable":true,"href":"https:\/\/agora.xtec.cat\/col-tarres\/wp-json\/wp\/v2\/tags?post=10403"}],"curies":[{"name":"wp","href":"https:\/\/api.w.org\/{rel}","templated":true}]}}