{"id":8,"count":267,"description":"<img class=\"alignnone size-full wp-image-12159\" src=\"https:\/\/agora.xtec.cat\/col-tarres\/wp-content\/uploads\/usu1585\/2020\/04\/primaria.jpg\" alt=\"\" width=\"1409\" height=\"174\" \/>\r\n\r\nL'etapa de l'Educaci\u00f3 Prim\u00e0ria compr\u00e8n el primer tram obligatori de l'escolaritat (<strong>6-12 anys<\/strong>), i com a continuaci\u00f3 d'Infantil, \u00e9s l'etapa on es consoliden els h\u00e0bits, els coneixements i les destreses m\u00e9s fonamentals de l'infant.\r\n<h5><strong>Qu\u00e8 treballem?<\/strong><\/h5>\r\n<strong>#\u00a0<\/strong>Potenciar l'autonomia i la iniciativa personal del propi alumne.\r\n\r\n<strong># <\/strong>La promoci\u00f3 i l'inter\u00e8s per aprendre. Els alumnes se senten <strong>motivats<\/strong> amb unes propostes educatives que satisfan els seus interessos i necessitats, mitjan\u00e7ant noves metodologies innovadores (procurem innovar any rere any en algun aspecte) que potencien, tamb\u00e9, el <strong>treball cooperatiu<\/strong>.\r\n\r\n<strong>#<\/strong> Els <strong>valors socials<\/strong> i c\u00edvics com a element b\u00e0sic de la bona entesa entre els companys. Aprendre les habilitats socials amb les quals es potencia el desenvolupament personal, emocional i efectiu de l'alumne.\r\n<h5><strong>Com ho treballem?<\/strong><\/h5>\r\n<strong><span style=\"color: #008000;\">#<\/span>\u00a0<\/strong>\u00das de les noves tecnologies com a eina d'aprenentatge. Tenim tablets per a compartir, perqu\u00e8 els infants les puguin introduir en qualsevol \u00e0mbit del seu aprenentatge.\r\n\r\n<strong><span style=\"color: #008000;\">#<\/span>\u00a0<\/strong><strong>Desdoblament <\/strong>del grup-classe (12\/13 alumnes) a llengua <strong>catalana<\/strong> una hora a la setmana, on es treballa l'expressi\u00f3 escrita.\r\n\r\n<span style=\"color: #008000;\"><strong>#\u00a0<\/strong><\/span><strong>Desdoblament <\/strong>del grup-classe (12\/13 alumnes) a <strong>matem\u00e0tiques<\/strong> una hora a la setmana, on es treballa, sobretot, el raonament matem\u00e0tic i la resoluci\u00f3 de problemes quotidians.\r\n\r\n<span style=\"color: #008000;\"><strong>#\u00a0<\/strong><\/span>Treball multidisciplar a trav\u00e9s dels espais d\u2019aprenentatge aut\u00f2nom, actiu, din\u00e0mic i vivencial d\u2019<em><a href=\"https:\/\/agora.xtec.cat\/col-tarres\/projectes\/ambients\/\">Els Ambients<\/a> o els Tallers<\/em> i altres projectes que realitzem durant el curs.\r\n\r\n<strong><span style=\"color: #008000;\">#<\/span>\u00a0<\/strong>Fomentar la socialitzaci\u00f3 i l\u2019aprenentatge amb infants m\u00e9s petits de P3, P4 i P5 en projectes com <em>els Padrins<\/em>.\r\n\r\n<span style=\"color: #008000;\"><strong>#\u00a0<\/strong><\/span>Treballem la <a href=\"https:\/\/agora.xtec.cat\/col-tarres\/projectes\/llengues\/\"><strong>llengua anglesa<\/strong><\/a> entre dues i tres hores setmanals (segons el curs). A Cicle Superior, una hora a la setmana el grup es desdobla (12\/13 alumnes) per a poder treballar millor l'<strong>expressi\u00f3 oral<\/strong> i escrita, realitzant activitats din\u00e0miques i participatives.\r\n<h5><strong>Acompanyament dels nostres alumnes<\/strong><\/h5>\r\n<span style=\"color: #008000;\"><strong>#<\/strong> <\/span>Orientaci\u00f3 i relaci\u00f3 constant de les tutores amb les fam\u00edlies per garantir un acompanyament constant del nostre alumnat: un informe trimestral, reuni\u00f3 al 2n trimestre de la fam\u00edlia amb el tutor\/a (o les que facin falta) i comunicaci\u00f3 a trav\u00e9s del correu electr\u00f2nic, tel\u00e8fon, etc.\r\n\r\n<span style=\"color: #008000;\"><strong>#<\/strong>\u00a0<\/span><strong>Detecci\u00f3<\/strong>\u00a0de trastorns d\u2019aprenentatge per atendre les necessitats formatives de manera personalitzada. Atenci\u00f3 a la diversitat, som una escola inclusiva.","link":"https:\/\/agora.xtec.cat\/col-tarres\/categoria\/primaria\/","name":"Prim\u00e0ria","slug":"primaria","taxonomy":"category","parent":0,"meta":[],"_links":{"self":[{"href":"https:\/\/agora.xtec.cat\/col-tarres\/wp-json\/wp\/v2\/categories\/8","targetHints":{"allow":["GET"]}}],"collection":[{"href":"https:\/\/agora.xtec.cat\/col-tarres\/wp-json\/wp\/v2\/categories"}],"about":[{"href":"https:\/\/agora.xtec.cat\/col-tarres\/wp-json\/wp\/v2\/taxonomies\/category"}],"wp:post_type":[{"href":"https:\/\/agora.xtec.cat\/col-tarres\/wp-json\/wp\/v2\/posts?categories=8"}],"curies":[{"name":"wp","href":"https:\/\/api.w.org\/{rel}","templated":true}]}}