{"id":3,"count":58,"description":"<img class=\"alignnone size-full wp-image-12142\" src=\"https:\/\/agora.xtec.cat\/col-tarres\/wp-content\/uploads\/usu1585\/2020\/04\/secundaria.jpg\" alt=\"\" width=\"1455\" height=\"180\" \/>\r\n\r\n\u00c9s l\u2019\u00faltima etapa de l\u2019educaci\u00f3 obligat\u00f2ria. Est\u00e0 organitzada en 4 cursos que van de 1r\u00a0 a 4t d\u2019ESO (dels <strong>12 als 16 anys<\/strong>)\r\n\r\n\u00c9s una etapa de ruptura amb l\u2019educaci\u00f3 prim\u00e0ria i que prepara el\u00a0canvi\u00a0per prendre les grans decisions. E<span style=\"font-family: inherit; font-size: 1em;\">ls alumnes passen d\u2019un model d\u2019aprenentatge liderat pel mestre de\u00a0l\u2019aula que alhora \u00e9s el tutor, a un model on un conjunt de professors i professores (equip\u00a0docent) es fa responsable del grup conduit per un d\u2019ells que \u00e9s el tutor, i per tant responsable\u00a0de l\u2019acompanyament dels alumnes i les fam\u00edlies en aquest cam\u00ed de\u00a0<\/span>creixement\u00a0<span style=\"font-family: inherit; font-size: 1em;\">i de\u00a0<\/span>presa de\u00a0decisions<span style=\"font-family: inherit; font-size: 1em;\">. <\/span>S\u00f3n elements fonamentals d\u2019aquesta etapa: l\u2019atenci\u00f3 individualitzada, l\u2019orientaci\u00f3 personal i professional i la proposta curricular optativa.\r\n<h5><strong>Competents en:<\/strong><\/h5>\r\n<strong><span style=\"color: #008000;\">#\u00a0<\/span> <\/strong>Ling\u00fc\u00edstics (angl\u00e8s i franc\u00e8s)\r\n\r\n<strong><span style=\"color: #008000;\">#\u00a0<\/span> <\/strong>Cientificotecnol\u00f2gics\r\n\r\n<strong><span style=\"color: #008000;\">#\u00a0<\/span> <\/strong>En valors socials i \u00e8tics\r\n\r\n<strong><span style=\"color: #008000;\">#\u00a0<\/span> <\/strong>Digitals\r\n<h5><strong>I en acabar 4t d'ESO, qu\u00e8?<\/strong><\/h5>\r\nEn acabar aquesta \u00faltima etapa obligat\u00f2ria, els alumnes rebran el t\u00edtol de <strong>Graduat en Educaci\u00f3 Secund\u00e0ria<\/strong>, si\u00a0han aconseguit assolir els objectius fixats, i aix\u00ed els facultar\u00e0 per accedir a l\u2019Educaci\u00f3 Secund\u00e0ria\u00a0Postobligat\u00f2ria (Batxillerat i Cicles Formatius de Grau Mitj\u00e0).\r\n\r\nTenim un conveni d'adscripci\u00f3 amb el <strong><a href=\"https:\/\/www.jviladoms.cat\/ca#\">Centre Educatiu Jaume Viladoms<\/a><\/strong> perqu\u00e8 els nostres alumnes puguin anar a realitzar el <strong>Batxillerat<\/strong> en aquell centre. El Jaume Viladoms ofereix les 3 modalitats de l'etapa post-obligat\u00f2ria: <strong>cientifico-tecnol\u00f2gica<\/strong>, <strong>human\u00edstica-social<\/strong> i <strong>art\u00edstica<\/strong>.\r\n\r\nEl <strong><a href=\"https:\/\/www.jviladomsfp.cat\/ca\">Centre Formatiu del Jaume Viladoms<\/a><\/strong> ofereix els estudis professionals de <strong>Cicles Formatius de Grau Mitj\u00e0 i Superior<\/strong> amb una variada oferta de graus en els \u00e0mbits <strong>administratiu<\/strong>, <strong>inform\u00e0tica<\/strong> i <strong>sociosanitari<\/strong>. El centre Jaume Viladoms \u00e9s pioner en la introducci\u00f3 de la <strong>FP Dual<\/strong> en diversos graus, permetent una estreta relaci\u00f3 entre la formaci\u00f3 acad\u00e8mica i el m\u00f3n empresarial. Tamb\u00e9 s'ofereixen cursos de Formaci\u00f3 Cont\u00ednua, PFI's, entre d'altres certificats t\u00e8cnics i professionals.\r\n\r\n<img class=\"alignnone wp-image-13844 size-large\" src=\"https:\/\/agora.xtec.cat\/col-tarres\/wp-content\/uploads\/usu1585\/2021\/04\/viladoms-1024x225.png\" alt=\"\" width=\"1024\" height=\"225\" \/>","link":"https:\/\/agora.xtec.cat\/col-tarres\/categoria\/eso\/","name":"Secund\u00e0ria","slug":"eso","taxonomy":"category","parent":0,"meta":[],"_links":{"self":[{"href":"https:\/\/agora.xtec.cat\/col-tarres\/wp-json\/wp\/v2\/categories\/3","targetHints":{"allow":["GET"]}}],"collection":[{"href":"https:\/\/agora.xtec.cat\/col-tarres\/wp-json\/wp\/v2\/categories"}],"about":[{"href":"https:\/\/agora.xtec.cat\/col-tarres\/wp-json\/wp\/v2\/taxonomies\/category"}],"wp:post_type":[{"href":"https:\/\/agora.xtec.cat\/col-tarres\/wp-json\/wp\/v2\/posts?categories=3"}],"curies":[{"name":"wp","href":"https:\/\/api.w.org\/{rel}","templated":true}]}}