{"id":110,"count":6,"description":"Secci\u00f3 d'articles i imatges de les extraescolars del Tarr\u00e9s, aix\u00ed com del Casals d'Estiu.","link":"https:\/\/agora.xtec.cat\/col-tarres\/categoria\/extraescolars-casals\/","name":"Extraescolars i Casals","slug":"extraescolars-casals","taxonomy":"category","parent":0,"meta":[],"_links":{"self":[{"href":"https:\/\/agora.xtec.cat\/col-tarres\/wp-json\/wp\/v2\/categories\/110","targetHints":{"allow":["GET"]}}],"collection":[{"href":"https:\/\/agora.xtec.cat\/col-tarres\/wp-json\/wp\/v2\/categories"}],"about":[{"href":"https:\/\/agora.xtec.cat\/col-tarres\/wp-json\/wp\/v2\/taxonomies\/category"}],"wp:post_type":[{"href":"https:\/\/agora.xtec.cat\/col-tarres\/wp-json\/wp\/v2\/posts?categories=110"}],"curies":[{"name":"wp","href":"https:\/\/api.w.org\/{rel}","templated":true}]}}