{"id":5323,"date":"2019-05-16T15:54:48","date_gmt":"2019-05-16T13:54:48","guid":{"rendered":"http:\/\/agora.xtec.cat\/col-stma-trinitat\/?p=5323"},"modified":"2019-05-16T15:56:33","modified_gmt":"2019-05-16T13:56:33","slug":"llistat-definitiu-del-casal-destiu-2019","status":"publish","type":"post","link":"https:\/\/agora.xtec.cat\/col-stma-trinitat\/general\/llistat-definitiu-del-casal-destiu-2019\/","title":{"rendered":"Llistat definitiu del Casal d&#8217;estiu 2019"},"content":{"rendered":"<p>Us fem arribar el llistat definitiu del casal d&#8217;estiu.<\/p>\n<p>Divendres us farem arribar la documentaci\u00f3 per fer els pagaments. \u00c9s important que respecteu els terminis de pagament. En cas de no fer-ho, s&#8217;activar\u00e0 la llista d&#8217;espera.<\/p>\n<p><img loading=\"lazy\" decoding=\"async\" class=\"aligncenter size-full wp-image-5324\" src=\"https:\/\/agora.xtec.cat\/col-stma-trinitat\/wp-content\/uploads\/usu32\/2019\/05\/llistat.png\" alt=\"\" width=\"372\" height=\"513\" srcset=\"https:\/\/agora.xtec.cat\/col-stma-trinitat\/wp-content\/uploads\/usu32\/2019\/05\/llistat.png 372w, https:\/\/agora.xtec.cat\/col-stma-trinitat\/wp-content\/uploads\/usu32\/2019\/05\/llistat-218x300.png 218w\" sizes=\"auto, (max-width: 372px) 100vw, 372px\" \/><\/p>\n","protected":false},"excerpt":{"rendered":"<p>Us fem arribar el llistat definitiu del casal d&#8217;estiu.<br \/>\nDivendres us farem arribar la documentaci\u00f3 per fer els pagaments. \u00c9s important que respecteu els terminis de pagament. En cas de no fer-ho, s&#8217;activar\u00e0 la llista d&#8217;espera.<\/p>\n","protected":false},"author":1,"featured_media":5324,"comment_status":"closed","ping_status":"closed","sticky":false,"template":"","format":"standard","meta":{"_bbp_topic_count":0,"_bbp_reply_count":0,"_bbp_total_topic_count":0,"_bbp_total_reply_count":0,"_bbp_voice_count":0,"_bbp_anonymous_reply_count":0,"_bbp_topic_count_hidden":0,"_bbp_reply_count_hidden":0,"_bbp_forum_subforum_count":0,"footnotes":""},"categories":[31,84,83,3,1,29],"tags":[],"class_list":["post-5323","post","type-post","status-publish","format-standard","has-post-thumbnail","hentry","category-ampa","category-ei","category-ep","category-eso","category-general","category-portada"],"post_mailing_queue_ids":[],"_links":{"self":[{"href":"https:\/\/agora.xtec.cat\/col-stma-trinitat\/wp-json\/wp\/v2\/posts\/5323","targetHints":{"allow":["GET"]}}],"collection":[{"href":"https:\/\/agora.xtec.cat\/col-stma-trinitat\/wp-json\/wp\/v2\/posts"}],"about":[{"href":"https:\/\/agora.xtec.cat\/col-stma-trinitat\/wp-json\/wp\/v2\/types\/post"}],"author":[{"embeddable":true,"href":"https:\/\/agora.xtec.cat\/col-stma-trinitat\/wp-json\/wp\/v2\/users\/1"}],"replies":[{"embeddable":true,"href":"https:\/\/agora.xtec.cat\/col-stma-trinitat\/wp-json\/wp\/v2\/comments?post=5323"}],"version-history":[{"count":2,"href":"https:\/\/agora.xtec.cat\/col-stma-trinitat\/wp-json\/wp\/v2\/posts\/5323\/revisions"}],"predecessor-version":[{"id":5326,"href":"https:\/\/agora.xtec.cat\/col-stma-trinitat\/wp-json\/wp\/v2\/posts\/5323\/revisions\/5326"}],"wp:featuredmedia":[{"embeddable":true,"href":"https:\/\/agora.xtec.cat\/col-stma-trinitat\/wp-json\/wp\/v2\/media\/5324"}],"wp:attachment":[{"href":"https:\/\/agora.xtec.cat\/col-stma-trinitat\/wp-json\/wp\/v2\/media?parent=5323"}],"wp:term":[{"taxonomy":"category","embeddable":true,"href":"https:\/\/agora.xtec.cat\/col-stma-trinitat\/wp-json\/wp\/v2\/categories?post=5323"},{"taxonomy":"post_tag","embeddable":true,"href":"https:\/\/agora.xtec.cat\/col-stma-trinitat\/wp-json\/wp\/v2\/tags?post=5323"}],"curies":[{"name":"wp","href":"https:\/\/api.w.org\/{rel}","templated":true}]}}