{"id":1637,"date":"2017-03-17T20:17:51","date_gmt":"2017-03-17T19:17:51","guid":{"rendered":"http:\/\/agora.xtec.cat\/col-stma-trinitat\/?p=1637"},"modified":"2017-03-17T20:19:10","modified_gmt":"2017-03-17T19:19:10","slug":"gaudim-amb-el-musical-scaramouche-al-teatre","status":"publish","type":"post","link":"https:\/\/agora.xtec.cat\/col-stma-trinitat\/general\/gaudim-amb-el-musical-scaramouche-al-teatre\/","title":{"rendered":"Gaudim amb el musical &#8220;Scaramouche&#8221; al teatre!"},"content":{"rendered":"<div><a href=\"http:\/\/biblio-trs.blogspot.com.es\/2017\/03\/gaudim-amb-el-musical-scaramouche-al.html\">En aquest context de canvis i revoluci\u00f3, la Fran\u00e7a de 1789, Scaramouche, un heroi emmascarat, s&#8217; erigeix en el defensor del poble,\u00a0s&#8217;enfronta a l&#8217; aristocr\u00e0cia i omple d&#8217; esperances a tothom.<\/a><\/div>\n<div><strong>\u00a0<\/strong><\/div>\n<div><strong>Ha estat un espectacle divertit i molt din\u00e0mic, que juga amb aventures de capa i espasa, rom\u00e0ntiques i revolucion\u00e0ries.<\/strong><\/div>\n<div><\/div>\n<p>&nbsp;<\/p>\n<p><img loading=\"lazy\" decoding=\"async\" class=\"alignnone\" src=\"https:\/\/4.bp.blogspot.com\/-vx4Q8LbwYDs\/WMq0UCkWjJI\/AAAAAAAAILk\/q69Tk92ByOgoPO89yFzfKPIFmiB7AodEgCLcB\/s1600\/IMG-20170316-WA0000.jpg\" width=\"768\" height=\"1280\" \/><\/p>\n<div><\/div>\n<div><b>Ens ha encantat: la m\u00fasica, les veus, la interpretaci\u00f3, els decorats, el vestuari,\u00a0<\/b><b>l&#8217; ambientaci\u00f3&#8230;<\/b><\/div>\n","protected":false},"excerpt":{"rendered":"<p><a href=\"http:\/\/biblio-trs.blogspot.com.es\/2017\/03\/gaudim-amb-el-musical-scaramouche-al.html\">En aquest context de canvis i revoluci\u00f3, la Fran\u00e7a de 1789, Scaramouche, un heroi emmascarat, s&#8217; erigeix en el defensor del poble,\u00a0s&#8217;enfronta a l&#8217; aristocr\u00e0cia i omple d&#8217; esperances a tothom.<\/a><br \/>\n\u00a0<br \/>\nHa estat un espectacle divertit i molt din\u00e0mic, que juga amb aventures de capa&hellip;  <a href=\"https:\/\/agora.xtec.cat\/col-stma-trinitat\/general\/gaudim-amb-el-musical-scaramouche-al-teatre\/\" title=\"Read Gaudim amb el musical &#8220;Scaramouche&#8221; al teatre!\">Llegeix m\u00e9s\u00bb<\/a><\/p>\n","protected":false},"author":1,"featured_media":1638,"comment_status":"closed","ping_status":"open","sticky":false,"template":"","format":"standard","meta":{"_bbp_topic_count":0,"_bbp_reply_count":0,"_bbp_total_topic_count":0,"_bbp_total_reply_count":0,"_bbp_voice_count":0,"_bbp_anonymous_reply_count":0,"_bbp_topic_count_hidden":0,"_bbp_reply_count_hidden":0,"_bbp_forum_subforum_count":0,"footnotes":""},"categories":[3,1,29],"tags":[116,43,39,40],"class_list":["post-1637","post","type-post","status-publish","format-standard","has-post-thumbnail","hentry","category-eso","category-general","category-portada","tag-expressio","tag-expressio-oral","tag-sortides","tag-teatre"],"post_mailing_queue_ids":[],"_links":{"self":[{"href":"https:\/\/agora.xtec.cat\/col-stma-trinitat\/wp-json\/wp\/v2\/posts\/1637","targetHints":{"allow":["GET"]}}],"collection":[{"href":"https:\/\/agora.xtec.cat\/col-stma-trinitat\/wp-json\/wp\/v2\/posts"}],"about":[{"href":"https:\/\/agora.xtec.cat\/col-stma-trinitat\/wp-json\/wp\/v2\/types\/post"}],"author":[{"embeddable":true,"href":"https:\/\/agora.xtec.cat\/col-stma-trinitat\/wp-json\/wp\/v2\/users\/1"}],"replies":[{"embeddable":true,"href":"https:\/\/agora.xtec.cat\/col-stma-trinitat\/wp-json\/wp\/v2\/comments?post=1637"}],"version-history":[{"count":2,"href":"https:\/\/agora.xtec.cat\/col-stma-trinitat\/wp-json\/wp\/v2\/posts\/1637\/revisions"}],"predecessor-version":[{"id":1640,"href":"https:\/\/agora.xtec.cat\/col-stma-trinitat\/wp-json\/wp\/v2\/posts\/1637\/revisions\/1640"}],"wp:featuredmedia":[{"embeddable":true,"href":"https:\/\/agora.xtec.cat\/col-stma-trinitat\/wp-json\/wp\/v2\/media\/1638"}],"wp:attachment":[{"href":"https:\/\/agora.xtec.cat\/col-stma-trinitat\/wp-json\/wp\/v2\/media?parent=1637"}],"wp:term":[{"taxonomy":"category","embeddable":true,"href":"https:\/\/agora.xtec.cat\/col-stma-trinitat\/wp-json\/wp\/v2\/categories?post=1637"},{"taxonomy":"post_tag","embeddable":true,"href":"https:\/\/agora.xtec.cat\/col-stma-trinitat\/wp-json\/wp\/v2\/tags?post=1637"}],"curies":[{"name":"wp","href":"https:\/\/api.w.org\/{rel}","templated":true}]}}