{"id":3722,"date":"2025-11-20T08:00:46","date_gmt":"2025-11-20T07:00:46","guid":{"rendered":"https:\/\/agora.xtec.cat\/col-santateresa\/?p=3722"},"modified":"2025-11-19T19:20:45","modified_gmt":"2025-11-19T18:20:45","slug":"dia-mundial-dels-drets-dels-infants","status":"publish","type":"post","link":"https:\/\/agora.xtec.cat\/col-santateresa\/biblioteca\/dia-mundial-dels-drets-dels-infants\/","title":{"rendered":"Dia Mundial dels Drets dels Infants"},"content":{"rendered":"<p style=\"text-align: right\"><a href=\"https:\/\/agora.xtec.cat\/col-santateresa\/wp-content\/uploads\/usu645\/2025\/11\/20251119_165627-1.jpg\"><img loading=\"lazy\" decoding=\"async\" class=\"wp-image-3735 size-medium alignright\" src=\"https:\/\/agora.xtec.cat\/col-santateresa\/wp-content\/uploads\/usu645\/2025\/11\/20251119_165627-1-208x300.jpg\" alt=\"\" width=\"208\" height=\"300\" srcset=\"https:\/\/agora.xtec.cat\/col-santateresa\/wp-content\/uploads\/usu645\/2025\/11\/20251119_165627-1-208x300.jpg 208w, https:\/\/agora.xtec.cat\/col-santateresa\/wp-content\/uploads\/usu645\/2025\/11\/20251119_165627-1-710x1024.jpg 710w, https:\/\/agora.xtec.cat\/col-santateresa\/wp-content\/uploads\/usu645\/2025\/11\/20251119_165627-1-768x1107.jpg 768w, https:\/\/agora.xtec.cat\/col-santateresa\/wp-content\/uploads\/usu645\/2025\/11\/20251119_165627-1-1066x1536.jpg 1066w, https:\/\/agora.xtec.cat\/col-santateresa\/wp-content\/uploads\/usu645\/2025\/11\/20251119_165627-1-1421x2048.jpg 1421w, https:\/\/agora.xtec.cat\/col-santateresa\/wp-content\/uploads\/usu645\/2025\/11\/20251119_165627-1.jpg 1457w\" sizes=\"auto, (max-width: 208px) 100vw, 208px\" \/><\/a><\/p>\n<p>Avui dijous, 20 de novembre, \u00e9s el Dia Mundial dels Drets dels Infants.<\/p>\n<p>Des de la nostra biblioteca hem volgut aportar el nostre granet de sorra per:<\/p>\n<ul>\n<li>conscienciar sobre els drets dels infants i reivindicar la necessitat de garantir-los, especialment els dels m\u00e9s vulnerables.<\/li>\n<li>promoure drets com la salut, l&#8217;educaci\u00f3 i la protecci\u00f3 per a tots els nens i nenes del m\u00f3n.<\/li>\n<\/ul>\n<p>&nbsp;<\/p>\n<p>&nbsp;<\/p>\n<p><a href=\"https:\/\/agora.xtec.cat\/col-santateresa\/wp-content\/uploads\/usu645\/2025\/11\/20251119_165606-scaled.jpg\"><img loading=\"lazy\" decoding=\"async\" class=\"alignleft wp-image-3729 size-medium\" src=\"https:\/\/agora.xtec.cat\/col-santateresa\/wp-content\/uploads\/usu645\/2025\/11\/20251119_165606-300x225.jpg\" alt=\"\" width=\"300\" height=\"225\" srcset=\"https:\/\/agora.xtec.cat\/col-santateresa\/wp-content\/uploads\/usu645\/2025\/11\/20251119_165606-300x225.jpg 300w, https:\/\/agora.xtec.cat\/col-santateresa\/wp-content\/uploads\/usu645\/2025\/11\/20251119_165606-1024x768.jpg 1024w, https:\/\/agora.xtec.cat\/col-santateresa\/wp-content\/uploads\/usu645\/2025\/11\/20251119_165606-768x576.jpg 768w, https:\/\/agora.xtec.cat\/col-santateresa\/wp-content\/uploads\/usu645\/2025\/11\/20251119_165606-1536x1152.jpg 1536w, https:\/\/agora.xtec.cat\/col-santateresa\/wp-content\/uploads\/usu645\/2025\/11\/20251119_165606-2048x1536.jpg 2048w\" sizes=\"auto, (max-width: 300px) 100vw, 300px\" \/><\/a><\/p>\n<p>Davant de la biblioteca, tenim un petit rac\u00f3 amb llibres sobre aquesta tem\u00e0tica i, entre ells, dos de ben especials: \u00a0\u201cEl raconet del CRAE\u201d, una hist\u00f2ria preciosa que mostra com \u00e9s el dia a dia dels infants que viuen en un CRAE (Centre Residencial d\u2019Acci\u00f3 Educativa), un espai on nens i nenes que no poden viure temporalment amb les seves fam\u00edlies reben cura, suport i afecte en un entorn segur.<\/p>\n<p>Aquests contes han estat un regal del CRAE Codina de Reus, de mans del seu director, l\u2019Antonio Gabriel, la coordinadora Maria i l\u2019educadora N\u00faria; que el dilluns van estar amb els nostres alumnes de 4t de Prim\u00e0ria escoltant com explicaven el conte.<\/p>\n<p>&nbsp;<\/p>\n","protected":false},"excerpt":{"rendered":"<p>Avui dijous, 20 de novembre, \u00e9s el Dia Mundial dels Drets dels Infants. Des de la nostra biblioteca hem volgut [&hellip;]<\/p>\n","protected":false},"author":8,"featured_media":3732,"comment_status":"closed","ping_status":"open","sticky":false,"template":"","format":"standard","meta":{"_bbp_topic_count":0,"_bbp_reply_count":0,"_bbp_total_topic_count":0,"_bbp_total_reply_count":0,"_bbp_voice_count":0,"_bbp_anonymous_reply_count":0,"_bbp_topic_count_hidden":0,"_bbp_reply_count_hidden":0,"_bbp_forum_subforum_count":0,"site-sidebar-layout":"default","site-content-layout":"","ast-site-content-layout":"default","site-content-style":"default","site-sidebar-style":"default","ast-global-header-display":"","ast-banner-title-visibility":"","ast-main-header-display":"","ast-hfb-above-header-display":"","ast-hfb-below-header-display":"","ast-hfb-mobile-header-display":"","site-post-title":"","ast-breadcrumbs-content":"","ast-featured-img":"","footer-sml-layout":"","theme-transparent-header-meta":"default","adv-header-id-meta":"","stick-header-meta":"","header-above-stick-meta":"","header-main-stick-meta":"","header-below-stick-meta":"","astra-migrate-meta-layouts":"set","ast-page-background-enabled":"default","ast-page-background-meta":{"desktop":{"background-color":"var(--ast-global-color-4)","background-image":"","background-repeat":"repeat","background-position":"center center","background-size":"auto","background-attachment":"scroll","background-type":"","background-media":"","overlay-type":"","overlay-color":"","overlay-opacity":"","overlay-gradient":""},"tablet":{"background-color":"","background-image":"","background-repeat":"repeat","background-position":"center center","background-size":"auto","background-attachment":"scroll","background-type":"","background-media":"","overlay-type":"","overlay-color":"","overlay-opacity":"","overlay-gradient":""},"mobile":{"background-color":"","background-image":"","background-repeat":"repeat","background-position":"center center","background-size":"auto","background-attachment":"scroll","background-type":"","background-media":"","overlay-type":"","overlay-color":"","overlay-opacity":"","overlay-gradient":""}},"ast-content-background-meta":{"desktop":{"background-color":"var(--ast-global-color-5)","background-image":"","background-repeat":"repeat","background-position":"center center","background-size":"auto","background-attachment":"scroll","background-type":"","background-media":"","overlay-type":"","overlay-color":"","overlay-opacity":"","overlay-gradient":""},"tablet":{"background-color":"var(--ast-global-color-5)","background-image":"","background-repeat":"repeat","background-position":"center center","background-size":"auto","background-attachment":"scroll","background-type":"","background-media":"","overlay-type":"","overlay-color":"","overlay-opacity":"","overlay-gradient":""},"mobile":{"background-color":"var(--ast-global-color-5)","background-image":"","background-repeat":"repeat","background-position":"center center","background-size":"auto","background-attachment":"scroll","background-type":"","background-media":"","overlay-type":"","overlay-color":"","overlay-opacity":"","overlay-gradient":""}},"footnotes":""},"categories":[65],"tags":[152,108,153],"class_list":["post-3722","post","type-post","status-publish","format-standard","has-post-thumbnail","hentry","category-biblioteca","tag-biblioteca-daula","tag-biblioteca-escolar","tag-seminari-biblioteques-escolars-ribera-debre"],"post_mailing_queue_ids":[],"_links":{"self":[{"href":"https:\/\/agora.xtec.cat\/col-santateresa\/wp-json\/wp\/v2\/posts\/3722","targetHints":{"allow":["GET"]}}],"collection":[{"href":"https:\/\/agora.xtec.cat\/col-santateresa\/wp-json\/wp\/v2\/posts"}],"about":[{"href":"https:\/\/agora.xtec.cat\/col-santateresa\/wp-json\/wp\/v2\/types\/post"}],"author":[{"embeddable":true,"href":"https:\/\/agora.xtec.cat\/col-santateresa\/wp-json\/wp\/v2\/users\/8"}],"replies":[{"embeddable":true,"href":"https:\/\/agora.xtec.cat\/col-santateresa\/wp-json\/wp\/v2\/comments?post=3722"}],"version-history":[{"count":6,"href":"https:\/\/agora.xtec.cat\/col-santateresa\/wp-json\/wp\/v2\/posts\/3722\/revisions"}],"predecessor-version":[{"id":3737,"href":"https:\/\/agora.xtec.cat\/col-santateresa\/wp-json\/wp\/v2\/posts\/3722\/revisions\/3737"}],"wp:featuredmedia":[{"embeddable":true,"href":"https:\/\/agora.xtec.cat\/col-santateresa\/wp-json\/wp\/v2\/media\/3732"}],"wp:attachment":[{"href":"https:\/\/agora.xtec.cat\/col-santateresa\/wp-json\/wp\/v2\/media?parent=3722"}],"wp:term":[{"taxonomy":"category","embeddable":true,"href":"https:\/\/agora.xtec.cat\/col-santateresa\/wp-json\/wp\/v2\/categories?post=3722"},{"taxonomy":"post_tag","embeddable":true,"href":"https:\/\/agora.xtec.cat\/col-santateresa\/wp-json\/wp\/v2\/tags?post=3722"}],"curies":[{"name":"wp","href":"https:\/\/api.w.org\/{rel}","templated":true}]}}