{"id":1020,"date":"2018-03-04T20:56:29","date_gmt":"2018-03-04T19:56:29","guid":{"rendered":"http:\/\/agora.xtec.cat\/col-santateresa\/?p=1020"},"modified":"2018-03-04T20:56:29","modified_gmt":"2018-03-04T19:56:29","slug":"els-nous-racons-de-la-biblioteca","status":"publish","type":"post","link":"https:\/\/agora.xtec.cat\/col-santateresa\/biblioteca\/els-nous-racons-de-la-biblioteca\/","title":{"rendered":"Els nous racons de la Biblioteca"},"content":{"rendered":"<p>Aquestes \u00faltims mesos hem creat nous racons a la nostra biblioteca.<\/p>\n<p>Entre aquests est\u00e0 el de Emociona&#8217;t, el de dues il\u00b7lustradores molt conegudes com s\u00f3n la Pilar\u00edn Bay\u00e9s i la Violeta Denou, el rac\u00f3 de m\u00e0gia, el rac\u00f3 ebrenc i el de poesia.<\/p>\n<p>Esperem poder gaudir-ne molt!<\/p>\n<p>&nbsp;<\/p>\n<p>&nbsp;<\/p>\n<p><a href=\"http:\/\/agora.xtec.cat\/col-santateresa\/wp-content\/uploads\/usu645\/2018\/03\/IMG_20180302_093605_opt.jpg\"><img loading=\"lazy\" decoding=\"async\" class=\" wp-image-1026\" src=\"http:\/\/agora.xtec.cat\/col-santateresa\/wp-content\/uploads\/usu645\/2018\/03\/IMG_20180302_093605_opt.jpg\" alt=\"\" width=\"304\" height=\"228\" srcset=\"https:\/\/agora.xtec.cat\/col-santateresa\/wp-content\/uploads\/usu645\/2018\/03\/IMG_20180302_093605_opt.jpg 400w, https:\/\/agora.xtec.cat\/col-santateresa\/wp-content\/uploads\/usu645\/2018\/03\/IMG_20180302_093605_opt-300x225.jpg 300w, https:\/\/agora.xtec.cat\/col-santateresa\/wp-content\/uploads\/usu645\/2018\/03\/IMG_20180302_093605_opt-200x150.jpg 200w\" sizes=\"auto, (max-width: 304px) 100vw, 304px\" \/><\/a><\/p>\n<p><a href=\"http:\/\/agora.xtec.cat\/col-santateresa\/wp-content\/uploads\/usu645\/2018\/03\/IMG_20180302_093623_opt.jpg\"><img loading=\"lazy\" decoding=\"async\" class=\" wp-image-1027\" src=\"http:\/\/agora.xtec.cat\/col-santateresa\/wp-content\/uploads\/usu645\/2018\/03\/IMG_20180302_093623_opt.jpg\" alt=\"\" width=\"234\" height=\"312\" srcset=\"https:\/\/agora.xtec.cat\/col-santateresa\/wp-content\/uploads\/usu645\/2018\/03\/IMG_20180302_093623_opt.jpg 400w, https:\/\/agora.xtec.cat\/col-santateresa\/wp-content\/uploads\/usu645\/2018\/03\/IMG_20180302_093623_opt-225x300.jpg 225w\" sizes=\"auto, (max-width: 234px) 100vw, 234px\" \/><\/a><\/p>\n<p><a href=\"http:\/\/agora.xtec.cat\/col-santateresa\/wp-content\/uploads\/usu645\/2018\/03\/IMG_20180302_093420_opt.jpg\"><img loading=\"lazy\" decoding=\"async\" class=\" wp-image-1025\" src=\"http:\/\/agora.xtec.cat\/col-santateresa\/wp-content\/uploads\/usu645\/2018\/03\/IMG_20180302_093420_opt.jpg\" alt=\"\" width=\"319\" height=\"239\" srcset=\"https:\/\/agora.xtec.cat\/col-santateresa\/wp-content\/uploads\/usu645\/2018\/03\/IMG_20180302_093420_opt.jpg 400w, https:\/\/agora.xtec.cat\/col-santateresa\/wp-content\/uploads\/usu645\/2018\/03\/IMG_20180302_093420_opt-300x225.jpg 300w, https:\/\/agora.xtec.cat\/col-santateresa\/wp-content\/uploads\/usu645\/2018\/03\/IMG_20180302_093420_opt-200x150.jpg 200w\" sizes=\"auto, (max-width: 319px) 100vw, 319px\" \/><\/a><\/p>\n<p><a href=\"http:\/\/agora.xtec.cat\/col-santateresa\/wp-content\/uploads\/usu645\/2018\/03\/IMG_20180302_093333_opt-1.jpg\"><img loading=\"lazy\" decoding=\"async\" class=\" wp-image-1024\" src=\"http:\/\/agora.xtec.cat\/col-santateresa\/wp-content\/uploads\/usu645\/2018\/03\/IMG_20180302_093333_opt-1.jpg\" alt=\"\" width=\"224\" height=\"298\" \/><\/a><\/p>\n<p><a href=\"http:\/\/agora.xtec.cat\/col-santateresa\/wp-content\/uploads\/usu645\/2018\/03\/IMG_20180302_093246_opt-1.jpg\"><img loading=\"lazy\" decoding=\"async\" class=\"size-full wp-image-1023\" src=\"http:\/\/agora.xtec.cat\/col-santateresa\/wp-content\/uploads\/usu645\/2018\/03\/IMG_20180302_093246_opt-1.jpg\" alt=\"\" width=\"400\" height=\"300\" srcset=\"https:\/\/agora.xtec.cat\/col-santateresa\/wp-content\/uploads\/usu645\/2018\/03\/IMG_20180302_093246_opt-1.jpg 400w, https:\/\/agora.xtec.cat\/col-santateresa\/wp-content\/uploads\/usu645\/2018\/03\/IMG_20180302_093246_opt-1-300x225.jpg 300w, https:\/\/agora.xtec.cat\/col-santateresa\/wp-content\/uploads\/usu645\/2018\/03\/IMG_20180302_093246_opt-1-200x150.jpg 200w\" sizes=\"auto, (max-width: 400px) 100vw, 400px\" \/><\/a><\/p>\n","protected":false},"excerpt":{"rendered":"<p>Aquestes \u00faltims mesos hem creat nous racons a la nostra biblioteca. Entre aquests est\u00e0 el de Emociona&#8217;t, el de dues [&hellip;]<\/p>\n","protected":false},"author":4,"featured_media":1025,"comment_status":"closed","ping_status":"closed","sticky":false,"template":"","format":"standard","meta":{"_bbp_topic_count":0,"_bbp_reply_count":0,"_bbp_total_topic_count":0,"_bbp_total_reply_count":0,"_bbp_voice_count":0,"_bbp_anonymous_reply_count":0,"_bbp_topic_count_hidden":0,"_bbp_reply_count_hidden":0,"_bbp_forum_subforum_count":0,"site-sidebar-layout":"default","site-content-layout":"","ast-site-content-layout":"","site-content-style":"default","site-sidebar-style":"default","ast-global-header-display":"","ast-banner-title-visibility":"","ast-main-header-display":"","ast-hfb-above-header-display":"","ast-hfb-below-header-display":"","ast-hfb-mobile-header-display":"","site-post-title":"","ast-breadcrumbs-content":"","ast-featured-img":"","footer-sml-layout":"","theme-transparent-header-meta":"","adv-header-id-meta":"","stick-header-meta":"","header-above-stick-meta":"","header-main-stick-meta":"","header-below-stick-meta":"","astra-migrate-meta-layouts":"default","ast-page-background-enabled":"default","ast-page-background-meta":{"desktop":{"background-color":"var(--ast-global-color-4)","background-image":"","background-repeat":"repeat","background-position":"center center","background-size":"auto","background-attachment":"scroll","background-type":"","background-media":"","overlay-type":"","overlay-color":"","overlay-opacity":"","overlay-gradient":""},"tablet":{"background-color":"","background-image":"","background-repeat":"repeat","background-position":"center center","background-size":"auto","background-attachment":"scroll","background-type":"","background-media":"","overlay-type":"","overlay-color":"","overlay-opacity":"","overlay-gradient":""},"mobile":{"background-color":"","background-image":"","background-repeat":"repeat","background-position":"center center","background-size":"auto","background-attachment":"scroll","background-type":"","background-media":"","overlay-type":"","overlay-color":"","overlay-opacity":"","overlay-gradient":""}},"ast-content-background-meta":{"desktop":{"background-color":"var(--ast-global-color-5)","background-image":"","background-repeat":"repeat","background-position":"center center","background-size":"auto","background-attachment":"scroll","background-type":"","background-media":"","overlay-type":"","overlay-color":"","overlay-opacity":"","overlay-gradient":""},"tablet":{"background-color":"var(--ast-global-color-5)","background-image":"","background-repeat":"repeat","background-position":"center center","background-size":"auto","background-attachment":"scroll","background-type":"","background-media":"","overlay-type":"","overlay-color":"","overlay-opacity":"","overlay-gradient":""},"mobile":{"background-color":"var(--ast-global-color-5)","background-image":"","background-repeat":"repeat","background-position":"center center","background-size":"auto","background-attachment":"scroll","background-type":"","background-media":"","overlay-type":"","overlay-color":"","overlay-opacity":"","overlay-gradient":""}},"footnotes":""},"categories":[65],"tags":[102,108,107],"class_list":["post-1020","post","type-post","status-publish","format-standard","has-post-thumbnail","hentry","category-biblioteca","tag-biblioteca-comarcal","tag-biblioteca-escolar","tag-raco"],"post_mailing_queue_ids":[],"_links":{"self":[{"href":"https:\/\/agora.xtec.cat\/col-santateresa\/wp-json\/wp\/v2\/posts\/1020","targetHints":{"allow":["GET"]}}],"collection":[{"href":"https:\/\/agora.xtec.cat\/col-santateresa\/wp-json\/wp\/v2\/posts"}],"about":[{"href":"https:\/\/agora.xtec.cat\/col-santateresa\/wp-json\/wp\/v2\/types\/post"}],"author":[{"embeddable":true,"href":"https:\/\/agora.xtec.cat\/col-santateresa\/wp-json\/wp\/v2\/users\/4"}],"replies":[{"embeddable":true,"href":"https:\/\/agora.xtec.cat\/col-santateresa\/wp-json\/wp\/v2\/comments?post=1020"}],"version-history":[{"count":1,"href":"https:\/\/agora.xtec.cat\/col-santateresa\/wp-json\/wp\/v2\/posts\/1020\/revisions"}],"predecessor-version":[{"id":1028,"href":"https:\/\/agora.xtec.cat\/col-santateresa\/wp-json\/wp\/v2\/posts\/1020\/revisions\/1028"}],"wp:featuredmedia":[{"embeddable":true,"href":"https:\/\/agora.xtec.cat\/col-santateresa\/wp-json\/wp\/v2\/media\/1025"}],"wp:attachment":[{"href":"https:\/\/agora.xtec.cat\/col-santateresa\/wp-json\/wp\/v2\/media?parent=1020"}],"wp:term":[{"taxonomy":"category","embeddable":true,"href":"https:\/\/agora.xtec.cat\/col-santateresa\/wp-json\/wp\/v2\/categories?post=1020"},{"taxonomy":"post_tag","embeddable":true,"href":"https:\/\/agora.xtec.cat\/col-santateresa\/wp-json\/wp\/v2\/tags?post=1020"}],"curies":[{"name":"wp","href":"https:\/\/api.w.org\/{rel}","templated":true}]}}