{"id":916,"date":"2016-09-22T18:01:39","date_gmt":"2016-09-22T16:01:39","guid":{"rendered":"http:\/\/agora.xtec.cat\/col-pompeufabrasalt\/?p=916"},"modified":"2016-10-23T10:54:11","modified_gmt":"2016-10-23T08:54:11","slug":"familia-i-escola-compartim-objectius","status":"publish","type":"post","link":"https:\/\/agora.xtec.cat\/col-pompeufabrasalt\/portada\/familia-i-escola-compartim-objectius\/","title":{"rendered":"Fam\u00edlia i escola: compartim objectius"},"content":{"rendered":"<p>Comencem curs explicant\u00a0a\u00a0les fam\u00edlies els objectius que defineixen\u00a0la tasca comp<a href=\"http:\/\/agora.xtec.cat\/col-pompeufabrasalt\/wp-content\/uploads\/usu886\/2016\/09\/IMG_3204.jpg\"><img loading=\"lazy\" decoding=\"async\" class=\"alignright size-medium wp-image-917\" src=\"http:\/\/agora.xtec.cat\/col-pompeufabrasalt\/wp-content\/uploads\/usu886\/2016\/09\/IMG_3204-300x224.jpg\" alt=\"img_3204\" width=\"300\" height=\"224\" srcset=\"https:\/\/agora.xtec.cat\/col-pompeufabrasalt\/wp-content\/uploads\/usu886\/2016\/09\/IMG_3204-300x224.jpg 300w, https:\/\/agora.xtec.cat\/col-pompeufabrasalt\/wp-content\/uploads\/usu886\/2016\/09\/IMG_3204-768x573.jpg 768w, https:\/\/agora.xtec.cat\/col-pompeufabrasalt\/wp-content\/uploads\/usu886\/2016\/09\/IMG_3204-1024x765.jpg 1024w, https:\/\/agora.xtec.cat\/col-pompeufabrasalt\/wp-content\/uploads\/usu886\/2016\/09\/IMG_3204-200x150.jpg 200w\" sizes=\"auto, (max-width: 300px) 100vw, 300px\" \/><\/a>artida per alumnes i equips docents durant el curs que ara iniciem. En les properes setmanes, tindran lloc les <strong>reunions de pares<\/strong>:<\/p>\n<ul>\n<li>28 Setembre: 5\u00e8 i 6\u00e8 &#8211; Cicle Superior Ed. prim\u00e0ria<\/li>\n<li>29 Setembre: 3r i 4t &#8211; Cicle Mitj\u00e0 Ed. Prim\u00e0ria<\/li>\n<li>4 Octubre: 1r i 2n &#8211; Cicle Inicial Ed. Prim\u00e0ria<\/li>\n<li>6 Octubre: P4 i P5 &#8211; Educaci\u00f3 Infantil<\/li>\n<li>5 Octubre: 1r i 2n &#8211; Educaci\u00f3 Secund\u00e0ria<\/li>\n<li>13 Octubre: 3r i 4t &#8211; Educaci\u00f3 Secund\u00e0ria<\/li>\n<\/ul>\n<p>A la fotografia de la dreta, els pares i mares que van assistir a la reuni\u00f3 de pares de P3 (Educaci\u00f3 Infantil) el passat 8 de setembre.<\/p>\n<p>&nbsp;<\/p>\n","protected":false},"excerpt":{"rendered":"<p>Comencem curs explicant\u00a0a\u00a0les fam\u00edlies els objectius que defineixen\u00a0la tasca comp<a href=\"http:\/\/agora.xtec.cat\/col-pompeufabrasalt\/wp-content\/uploads\/usu886\/2016\/09\/IMG_3204.jpg\"><\/a>artida per alumnes i equips docents durant el curs que ara iniciem. En les properes setmanes, tindran lloc les reunions de pares:<\/p>\n<ul>\n<li>28 Setembre: 5\u00e8 i 6\u00e8 &#8211; Cicle Superior Ed. prim\u00e0ria<\/li>\n<li>29 Setembre: 3r i 4t&hellip;  <a href=\"https:\/\/agora.xtec.cat\/col-pompeufabrasalt\/portada\/familia-i-escola-compartim-objectius\/\" title=\"Read Fam\u00edlia i escola: compartim objectius\">Llegeix m\u00e9s\u00bb<\/a><br \/>\n","protected":false},"author":5,"featured_media":0,"comment_status":"open","ping_status":"open","sticky":false,"template":"","format":"standard","meta":{"_bbp_topic_count":0,"_bbp_reply_count":0,"_bbp_total_topic_count":0,"_bbp_total_reply_count":0,"_bbp_voice_count":0,"_bbp_anonymous_reply_count":0,"_bbp_topic_count_hidden":0,"_bbp_reply_count_hidden":0,"_bbp_forum_subforum_count":0,"footnotes":""},"categories":[21,4],"tags":[],"class_list":["post-916","post","type-post","status-publish","format-standard","hentry","category-families","category-portada"],"post_mailing_queue_ids":[],"_links":{"self":[{"href":"https:\/\/agora.xtec.cat\/col-pompeufabrasalt\/wp-json\/wp\/v2\/posts\/916","targetHints":{"allow":["GET"]}}],"collection":[{"href":"https:\/\/agora.xtec.cat\/col-pompeufabrasalt\/wp-json\/wp\/v2\/posts"}],"about":[{"href":"https:\/\/agora.xtec.cat\/col-pompeufabrasalt\/wp-json\/wp\/v2\/types\/post"}],"author":[{"embeddable":true,"href":"https:\/\/agora.xtec.cat\/col-pompeufabrasalt\/wp-json\/wp\/v2\/users\/5"}],"replies":[{"embeddable":true,"href":"https:\/\/agora.xtec.cat\/col-pompeufabrasalt\/wp-json\/wp\/v2\/comments?post=916"}],"version-history":[{"count":3,"href":"https:\/\/agora.xtec.cat\/col-pompeufabrasalt\/wp-json\/wp\/v2\/posts\/916\/revisions"}],"predecessor-version":[{"id":920,"href":"https:\/\/agora.xtec.cat\/col-pompeufabrasalt\/wp-json\/wp\/v2\/posts\/916\/revisions\/920"}],"wp:attachment":[{"href":"https:\/\/agora.xtec.cat\/col-pompeufabrasalt\/wp-json\/wp\/v2\/media?parent=916"}],"wp:term":[{"taxonomy":"category","embeddable":true,"href":"https:\/\/agora.xtec.cat\/col-pompeufabrasalt\/wp-json\/wp\/v2\/categories?post=916"},{"taxonomy":"post_tag","embeddable":true,"href":"https:\/\/agora.xtec.cat\/col-pompeufabrasalt\/wp-json\/wp\/v2\/tags?post=916"}],"curies":[{"name":"wp","href":"https:\/\/api.w.org\/{rel}","templated":true}]}}