{"id":2957,"date":"2020-07-02T10:33:23","date_gmt":"2020-07-02T08:33:23","guid":{"rendered":"http:\/\/agora.xtec.cat\/col-pompeufabrasalt\/?p=2957"},"modified":"2020-07-31T15:50:42","modified_gmt":"2020-07-31T13:50:42","slug":"comiat-alumnes-de-4t-deso","status":"publish","type":"post","link":"https:\/\/agora.xtec.cat\/col-pompeufabrasalt\/portada\/comiat-alumnes-de-4t-deso\/","title":{"rendered":"Comiat alumnes de 4t d&#8217;ESO"},"content":{"rendered":"<p>Fa uns dies, els professors ens v\u00e0rem acomiadar dels alumnes de 4t d&#8217;ESO en un petit acte a l&#8217;escola. Ara, han sigut els alumnes qui s&#8217;han volgut acomiadar de nosaltres amb una trobada fora de l&#8217;escola. A trav\u00e9s d&#8217;un v\u00eddeo i d&#8217;un discurs, ens han verbalitzat com han viscuts aquests quatre anys a Secund\u00e0ria. Quants records! Quantes an\u00e8cdotes! Quantes viv\u00e8ncies! I sempre, sempre, amb un gran somriure!<\/p>\n<h3 style=\"text-align: center;\"><b><span style=\"color: #ff00ff;\">MOLTES GR\u00c0CIES A TOTS I FINS AVIAT!<\/span><\/b><\/h3>\n<p><a href=\"https:\/\/agora.xtec.cat\/col-pompeufabrasalt\/wp-content\/uploads\/usu886\/2020\/07\/retallada.jpg\"><img loading=\"lazy\" decoding=\"async\" class=\"aligncenter wp-image-2960 size-large\" src=\"https:\/\/agora.xtec.cat\/col-pompeufabrasalt\/wp-content\/uploads\/usu886\/2020\/07\/retallada-1024x406.jpg\" alt=\"\" width=\"1024\" height=\"406\" srcset=\"https:\/\/agora.xtec.cat\/col-pompeufabrasalt\/wp-content\/uploads\/usu886\/2020\/07\/retallada-1024x406.jpg 1024w, https:\/\/agora.xtec.cat\/col-pompeufabrasalt\/wp-content\/uploads\/usu886\/2020\/07\/retallada-300x119.jpg 300w, https:\/\/agora.xtec.cat\/col-pompeufabrasalt\/wp-content\/uploads\/usu886\/2020\/07\/retallada-768x305.jpg 768w, https:\/\/agora.xtec.cat\/col-pompeufabrasalt\/wp-content\/uploads\/usu886\/2020\/07\/retallada.jpg 1599w\" sizes=\"auto, (max-width: 1024px) 100vw, 1024px\" \/><\/a><!--more--><\/p>\n<div><\/div>\n","protected":false},"excerpt":{"rendered":"<p>Fa uns dies, els professors ens v\u00e0rem acomiadar dels alumnes de 4t d&#8217;ESO en un petit acte a l&#8217;escola. Ara, han sigut els alumnes qui s&#8217;han volgut acomiadar de nosaltres amb una trobada fora de l&#8217;escola. A trav\u00e9s d&#8217;un v\u00eddeo i d&#8217;un discurs, ens han&hellip;  <a href=\"https:\/\/agora.xtec.cat\/col-pompeufabrasalt\/portada\/comiat-alumnes-de-4t-deso\/\" title=\"Read Comiat alumnes de 4t d&#8217;ESO\">Llegeix m\u00e9s\u00bb<\/a><\/p>\n","protected":false},"author":5,"featured_media":0,"comment_status":"open","ping_status":"closed","sticky":false,"template":"","format":"standard","meta":{"_bbp_topic_count":0,"_bbp_reply_count":0,"_bbp_total_topic_count":0,"_bbp_total_reply_count":0,"_bbp_voice_count":0,"_bbp_anonymous_reply_count":0,"_bbp_topic_count_hidden":0,"_bbp_reply_count_hidden":0,"_bbp_forum_subforum_count":0,"footnotes":""},"categories":[4,23],"tags":[],"class_list":["post-2957","post","type-post","status-publish","format-standard","hentry","category-portada","category-secundaria"],"post_mailing_queue_ids":[],"_links":{"self":[{"href":"https:\/\/agora.xtec.cat\/col-pompeufabrasalt\/wp-json\/wp\/v2\/posts\/2957","targetHints":{"allow":["GET"]}}],"collection":[{"href":"https:\/\/agora.xtec.cat\/col-pompeufabrasalt\/wp-json\/wp\/v2\/posts"}],"about":[{"href":"https:\/\/agora.xtec.cat\/col-pompeufabrasalt\/wp-json\/wp\/v2\/types\/post"}],"author":[{"embeddable":true,"href":"https:\/\/agora.xtec.cat\/col-pompeufabrasalt\/wp-json\/wp\/v2\/users\/5"}],"replies":[{"embeddable":true,"href":"https:\/\/agora.xtec.cat\/col-pompeufabrasalt\/wp-json\/wp\/v2\/comments?post=2957"}],"version-history":[{"count":4,"href":"https:\/\/agora.xtec.cat\/col-pompeufabrasalt\/wp-json\/wp\/v2\/posts\/2957\/revisions"}],"predecessor-version":[{"id":2991,"href":"https:\/\/agora.xtec.cat\/col-pompeufabrasalt\/wp-json\/wp\/v2\/posts\/2957\/revisions\/2991"}],"wp:attachment":[{"href":"https:\/\/agora.xtec.cat\/col-pompeufabrasalt\/wp-json\/wp\/v2\/media?parent=2957"}],"wp:term":[{"taxonomy":"category","embeddable":true,"href":"https:\/\/agora.xtec.cat\/col-pompeufabrasalt\/wp-json\/wp\/v2\/categories?post=2957"},{"taxonomy":"post_tag","embeddable":true,"href":"https:\/\/agora.xtec.cat\/col-pompeufabrasalt\/wp-json\/wp\/v2\/tags?post=2957"}],"curies":[{"name":"wp","href":"https:\/\/api.w.org\/{rel}","templated":true}]}}