{"id":2827,"date":"2020-04-19T10:40:01","date_gmt":"2020-04-19T08:40:01","guid":{"rendered":"http:\/\/agora.xtec.cat\/col-pompeufabrasalt\/?p=2827"},"modified":"2020-04-19T10:40:01","modified_gmt":"2020-04-19T08:40:01","slug":"families-i-gestio-emocional","status":"publish","type":"post","link":"https:\/\/agora.xtec.cat\/col-pompeufabrasalt\/portada\/families-i-gestio-emocional\/","title":{"rendered":"Fam\u00edlies i gesti\u00f3 emocional"},"content":{"rendered":"<p>La <strong>Ma. Helena Tolosa<\/strong>, professional de l&#8217;orientaci\u00f3, que molts de vosaltres coneixeu i que ens ha estat format en <a href=\"https:\/\/agora.xtec.cat\/col-pompeufabrasalt\/wp-content\/uploads\/usu886\/2020\/04\/safe_image.php_.jpg\"><img loading=\"lazy\" decoding=\"async\" class=\" wp-image-2828 alignright\" src=\"https:\/\/agora.xtec.cat\/col-pompeufabrasalt\/wp-content\/uploads\/usu886\/2020\/04\/safe_image.php_-300x157.jpg\" alt=\"\" width=\"231\" height=\"121\" srcset=\"https:\/\/agora.xtec.cat\/col-pompeufabrasalt\/wp-content\/uploads\/usu886\/2020\/04\/safe_image.php_-300x157.jpg 300w, https:\/\/agora.xtec.cat\/col-pompeufabrasalt\/wp-content\/uploads\/usu886\/2020\/04\/safe_image.php_.jpg 540w\" sizes=\"auto, (max-width: 231px) 100vw, 231px\" \/><\/a>resoluci\u00f3 de conflictes durant els primers trimestres d&#8217;aquest curs, ens ha fet arribar diversos<strong> materials adre\u00e7ats a les fam\u00edlies.<\/strong><\/p>\n<p style=\"text-align: center;\"><strong>Us els compartim tot seguit. <\/strong><\/p>\n<p style=\"text-align: center;\"><strong>Tamb\u00e9 la podeu seguir per facebook a M.Helena Tolosa Costa\u00a0instagram i twiter @mhelenatolosa<\/strong><\/p>\n<p><!--more--><\/p>\n<p><strong>CONSELLS PER A LA CONVIV\u00c8NCIA I LA GESTI\u00d3 POSITIVA DELS CONFLICTES: <\/strong>En el canal de YouTube de Sant Boi ciutat educadora podeu trobar cinc c\u00e0psules audiovisuals que podeu fer arribar a les vostres fam\u00edlies.<\/p>\n<ol>\n<li style=\"list-style-type: none;\">\n<ol>\n<li><a href=\"https:\/\/youtu.be\/LcNqVdphT-c\" target=\"_blank\" rel=\"noopener noreferrer\">PIN posici\u00f3 -interessos &#8211; necessitats<\/a><\/li>\n<li><a href=\"https:\/\/youtu.be\/y7BbdDw3aZA\" target=\"_blank\" rel=\"noopener noreferrer\">PIGAP para &#8211; identifica- genera- avalua &#8211; planifica<\/a><\/li>\n<li><a href=\"https:\/\/youtu.be\/K_Y7GCP0dug\" target=\"_blank\" rel=\"noopener noreferrer\">NEGOCIEM EN FAM\u00cdLIA<\/a><\/li>\n<li><a href=\"https:\/\/youtu.be\/zG_KOKOMnlU\" target=\"_blank\" rel=\"noopener noreferrer\">COMUNICACI\u00d3 EN FAM\u00cdLIA<\/a><\/li>\n<li><a href=\"https:\/\/youtu.be\/QYOgE_DBqCc\" target=\"_blank\" rel=\"noopener noreferrer\">GERMANS<\/a><\/li>\n<\/ol>\n<\/li>\n<\/ol>\n<p><strong>PEL\u00b7L\u00cdCULES FAMILIARS\u00a0 PER A INFANTS I ADULTS DE 9 A 100 anys<\/strong><\/p>\n<p>Cada dia publica a les xarxes socials una recomanaci\u00f3 d&#8217;una pel\u00b7l\u00edcula familiar de diferents continguts per a poder veure plegats en fam\u00edlia. Us animem a compartir pantalles per generar consci\u00e8ncia, debat i fomentar una sana autoestima familiar!<\/p>\n","protected":false},"excerpt":{"rendered":"<p>La Ma. Helena Tolosa, professional de l&#8217;orientaci\u00f3, que molts de vosaltres coneixeu i que ens ha estat format en <a href=\"https:\/\/agora.xtec.cat\/col-pompeufabrasalt\/wp-content\/uploads\/usu886\/2020\/04\/safe_image.php_.jpg\"><\/a>resoluci\u00f3 de conflictes durant els primers trimestres d&#8217;aquest curs, ens ha fet arribar diversos materials adre\u00e7ats a les fam\u00edlies.<br \/>\nUs els compartim tot seguit.<br \/>\nTamb\u00e9 la&hellip;  <a href=\"https:\/\/agora.xtec.cat\/col-pompeufabrasalt\/portada\/families-i-gestio-emocional\/\" title=\"Read Fam\u00edlies i gesti\u00f3 emocional\">Llegeix m\u00e9s\u00bb<\/a><\/p>\n","protected":false},"author":1,"featured_media":1113,"comment_status":"open","ping_status":"closed","sticky":false,"template":"","format":"standard","meta":{"_bbp_topic_count":0,"_bbp_reply_count":0,"_bbp_total_topic_count":0,"_bbp_total_reply_count":0,"_bbp_voice_count":0,"_bbp_anonymous_reply_count":0,"_bbp_topic_count_hidden":0,"_bbp_reply_count_hidden":0,"_bbp_forum_subforum_count":0,"footnotes":""},"categories":[21,25,4,23],"tags":[],"class_list":["post-2827","post","type-post","status-publish","format-standard","has-post-thumbnail","hentry","category-families","category-infantil-i-primaria","category-portada","category-secundaria"],"post_mailing_queue_ids":[],"_links":{"self":[{"href":"https:\/\/agora.xtec.cat\/col-pompeufabrasalt\/wp-json\/wp\/v2\/posts\/2827","targetHints":{"allow":["GET"]}}],"collection":[{"href":"https:\/\/agora.xtec.cat\/col-pompeufabrasalt\/wp-json\/wp\/v2\/posts"}],"about":[{"href":"https:\/\/agora.xtec.cat\/col-pompeufabrasalt\/wp-json\/wp\/v2\/types\/post"}],"author":[{"embeddable":true,"href":"https:\/\/agora.xtec.cat\/col-pompeufabrasalt\/wp-json\/wp\/v2\/users\/1"}],"replies":[{"embeddable":true,"href":"https:\/\/agora.xtec.cat\/col-pompeufabrasalt\/wp-json\/wp\/v2\/comments?post=2827"}],"version-history":[{"count":1,"href":"https:\/\/agora.xtec.cat\/col-pompeufabrasalt\/wp-json\/wp\/v2\/posts\/2827\/revisions"}],"predecessor-version":[{"id":2829,"href":"https:\/\/agora.xtec.cat\/col-pompeufabrasalt\/wp-json\/wp\/v2\/posts\/2827\/revisions\/2829"}],"wp:featuredmedia":[{"embeddable":true,"href":"https:\/\/agora.xtec.cat\/col-pompeufabrasalt\/wp-json\/wp\/v2\/media\/1113"}],"wp:attachment":[{"href":"https:\/\/agora.xtec.cat\/col-pompeufabrasalt\/wp-json\/wp\/v2\/media?parent=2827"}],"wp:term":[{"taxonomy":"category","embeddable":true,"href":"https:\/\/agora.xtec.cat\/col-pompeufabrasalt\/wp-json\/wp\/v2\/categories?post=2827"},{"taxonomy":"post_tag","embeddable":true,"href":"https:\/\/agora.xtec.cat\/col-pompeufabrasalt\/wp-json\/wp\/v2\/tags?post=2827"}],"curies":[{"name":"wp","href":"https:\/\/api.w.org\/{rel}","templated":true}]}}