{"id":2204,"date":"2018-05-19T09:28:57","date_gmt":"2018-05-19T07:28:57","guid":{"rendered":"http:\/\/agora.xtec.cat\/col-pompeufabrasalt\/?p=2204"},"modified":"2018-05-20T09:31:45","modified_gmt":"2018-05-20T07:31:45","slug":"projecte-salvador-sunyer","status":"publish","type":"post","link":"https:\/\/agora.xtec.cat\/col-pompeufabrasalt\/portada\/projecte-salvador-sunyer\/","title":{"rendered":"Projecte Salvador Sunyer"},"content":{"rendered":"<p>El\u00a0<b>projecte &#8220;Salvador Sunyer<\/b>&#8220;, iniciat el curs 2016-17, pret\u00e9n dinamitzar el coneixement del patrimoni hist\u00f2ric i cultural del nostre municipi, en aquest cas a trav\u00e9s de l&#8217;obra po\u00e8tica d<a href=\"http:\/\/agora.xtec.cat\/col-pompeufabrasalt\/wp-content\/uploads\/usu886\/2018\/05\/sunyer.jpg\"><img loading=\"lazy\" decoding=\"async\" class=\"size-full wp-image-2205 alignright\" src=\"http:\/\/agora.xtec.cat\/col-pompeufabrasalt\/wp-content\/uploads\/usu886\/2018\/05\/sunyer.jpg\" alt=\"\" width=\"261\" height=\"156\" \/><\/a>e Salvador Sunyer.\u00a0Cada curs, totes les classes d&#8217;infantil, prim\u00e0ria i secund\u00e0ria, treballaran una de les poesies que Salvador Sunyer va escriure inspirant-se en algun rac\u00f3 de Salt.<br \/>\nAquestes s\u00f3n les produccions que han elaborat aquest curs les classes d&#8217;educaci\u00f3 prim\u00e0ria:<br \/>\n<b><\/b><\/p>\n<ul>\n<li><b>Cicle inicial:\u00a0<\/b><a href=\"https:\/\/sites.google.com\/a\/pompeufabrasalt.cat\/projecte-salvador-sunyer\/ini-curs-2017-2018\" target=\"_blank\" rel=\"noopener noreferrer\">(1r i 2n) &#8211; Carrer de les teixidores<\/a><\/li>\n<li><b>Cicle mitj\u00e0:\u00a0<\/b><a href=\"https:\/\/sites.google.com\/a\/pompeufabrasalt.cat\/projecte-salvador-sunyer\/carrer-2017-18\" target=\"_blank\" rel=\"noopener noreferrer\">(3r) &#8211; El carrer que no es passa<\/a>\u00a0\/\u00a0<a href=\"https:\/\/sites.google.com\/a\/pompeufabrasalt.cat\/projecte-salvador-sunyer\/afra-2017-18\" target=\"_blank\" rel=\"noopener noreferrer\">(4t) &#8211; Carrer de Santa Afra<\/a><\/li>\n<li>\n<div><b>Cicle superior:\u00a0<\/b><a href=\"https:\/\/sites.google.com\/a\/pompeufabrasalt.cat\/projecte-salvador-sunyer\/5e-curs-2017-18\" target=\"_blank\" rel=\"noopener noreferrer\">(5\u00e8) &#8211; La pla\u00e7a del ve\u00efnat<\/a>\u00a0\/\u00a0<a href=\"https:\/\/sites.google.com\/a\/pompeufabrasalt.cat\/projecte-salvador-sunyer\/torre-curs-2017-2018\" target=\"_blank\" rel=\"noopener noreferrer\">(6\u00e8) &#8211; La torre<\/a><\/div>\n<\/li>\n<\/ul>\n","protected":false},"excerpt":{"rendered":"<p>El\u00a0projecte &#8220;Salvador Sunyer&#8220;, iniciat el curs 2016-17, pret\u00e9n dinamitzar el coneixement del patrimoni hist\u00f2ric i cultural del nostre municipi, en aquest cas a trav\u00e9s de l&#8217;obra po\u00e8tica d<a href=\"http:\/\/agora.xtec.cat\/col-pompeufabrasalt\/wp-content\/uploads\/usu886\/2018\/05\/sunyer.jpg\"><\/a>e Salvador Sunyer.\u00a0Cada curs, totes les classes d&#8217;infantil, prim\u00e0ria i secund\u00e0ria, treballaran una de les poesies que&hellip;  <a href=\"https:\/\/agora.xtec.cat\/col-pompeufabrasalt\/portada\/projecte-salvador-sunyer\/\" title=\"Read Projecte Salvador Sunyer\">Llegeix m\u00e9s\u00bb<\/a><\/p>\n","protected":false},"author":1,"featured_media":1113,"comment_status":"open","ping_status":"closed","sticky":false,"template":"","format":"standard","meta":{"_bbp_topic_count":0,"_bbp_reply_count":0,"_bbp_total_topic_count":0,"_bbp_total_reply_count":0,"_bbp_voice_count":0,"_bbp_anonymous_reply_count":0,"_bbp_topic_count_hidden":0,"_bbp_reply_count_hidden":0,"_bbp_forum_subforum_count":0,"footnotes":""},"categories":[25,4],"tags":[],"class_list":["post-2204","post","type-post","status-publish","format-standard","has-post-thumbnail","hentry","category-infantil-i-primaria","category-portada"],"post_mailing_queue_ids":[],"_links":{"self":[{"href":"https:\/\/agora.xtec.cat\/col-pompeufabrasalt\/wp-json\/wp\/v2\/posts\/2204","targetHints":{"allow":["GET"]}}],"collection":[{"href":"https:\/\/agora.xtec.cat\/col-pompeufabrasalt\/wp-json\/wp\/v2\/posts"}],"about":[{"href":"https:\/\/agora.xtec.cat\/col-pompeufabrasalt\/wp-json\/wp\/v2\/types\/post"}],"author":[{"embeddable":true,"href":"https:\/\/agora.xtec.cat\/col-pompeufabrasalt\/wp-json\/wp\/v2\/users\/1"}],"replies":[{"embeddable":true,"href":"https:\/\/agora.xtec.cat\/col-pompeufabrasalt\/wp-json\/wp\/v2\/comments?post=2204"}],"version-history":[{"count":1,"href":"https:\/\/agora.xtec.cat\/col-pompeufabrasalt\/wp-json\/wp\/v2\/posts\/2204\/revisions"}],"predecessor-version":[{"id":2206,"href":"https:\/\/agora.xtec.cat\/col-pompeufabrasalt\/wp-json\/wp\/v2\/posts\/2204\/revisions\/2206"}],"wp:featuredmedia":[{"embeddable":true,"href":"https:\/\/agora.xtec.cat\/col-pompeufabrasalt\/wp-json\/wp\/v2\/media\/1113"}],"wp:attachment":[{"href":"https:\/\/agora.xtec.cat\/col-pompeufabrasalt\/wp-json\/wp\/v2\/media?parent=2204"}],"wp:term":[{"taxonomy":"category","embeddable":true,"href":"https:\/\/agora.xtec.cat\/col-pompeufabrasalt\/wp-json\/wp\/v2\/categories?post=2204"},{"taxonomy":"post_tag","embeddable":true,"href":"https:\/\/agora.xtec.cat\/col-pompeufabrasalt\/wp-json\/wp\/v2\/tags?post=2204"}],"curies":[{"name":"wp","href":"https:\/\/api.w.org\/{rel}","templated":true}]}}