{"id":1806,"date":"2017-10-15T15:56:49","date_gmt":"2017-10-15T13:56:49","guid":{"rendered":"http:\/\/agora.xtec.cat\/col-pompeufabrasalt\/?p=1806"},"modified":"2017-10-17T13:46:39","modified_gmt":"2017-10-17T11:46:39","slug":"no-toqueu-les-nostes-escoles","status":"publish","type":"post","link":"https:\/\/agora.xtec.cat\/col-pompeufabrasalt\/general\/no-toqueu-les-nostes-escoles\/","title":{"rendered":"No toqueu les nostres escoles"},"content":{"rendered":"<p>Davant les acusacions fetes per alguns pol\u00edtics contra l&#8217;escola catalana, suscrivim les paraules de la <strong>consel<a href=\"http:\/\/agora.xtec.cat\/col-pompeufabrasalt\/wp-content\/uploads\/usu886\/2017\/10\/IMG_4961.jpg\"><img loading=\"lazy\" decoding=\"async\" class=\"alignright wp-image-1807\" src=\"http:\/\/agora.xtec.cat\/col-pompeufabrasalt\/wp-content\/uploads\/usu886\/2017\/10\/IMG_4961-1024x1024.jpg\" alt=\"\" width=\"200\" height=\"200\" srcset=\"https:\/\/agora.xtec.cat\/col-pompeufabrasalt\/wp-content\/uploads\/usu886\/2017\/10\/IMG_4961-1024x1024.jpg 1024w, https:\/\/agora.xtec.cat\/col-pompeufabrasalt\/wp-content\/uploads\/usu886\/2017\/10\/IMG_4961-150x150.jpg 150w, https:\/\/agora.xtec.cat\/col-pompeufabrasalt\/wp-content\/uploads\/usu886\/2017\/10\/IMG_4961-300x300.jpg 300w, https:\/\/agora.xtec.cat\/col-pompeufabrasalt\/wp-content\/uploads\/usu886\/2017\/10\/IMG_4961-768x768.jpg 768w, https:\/\/agora.xtec.cat\/col-pompeufabrasalt\/wp-content\/uploads\/usu886\/2017\/10\/IMG_4961.jpg 1600w\" sizes=\"auto, (max-width: 200px) 100vw, 200px\" \/><\/a>lera d&#8217;Ensenyament del Govern de la Generalitat de Catalunya, Clara Ponsat\u00ed: <\/strong><\/p>\n<p>&#8220;L&#8217;escola catalana ha estat, \u00e9s i ser\u00e0 exemple de llibertat, conviv\u00e8ncia, democr\u00e0cia, i pluriling\u00fcisme. Acusacions infundades i mentides sense escr\u00fapuls volen fer hostatges als infants catalans per trencar la conviv\u00e8ncia. No ho permetrem. Atacar la professionalitat i els valors dels nostres mestres, \u00e9s injuriar-los.&#8221;<\/p>\n","protected":false},"excerpt":{"rendered":"<p>Davant les acusacions fetes per alguns pol\u00edtics contra l&#8217;escola catalana, suscrivim les paraules de la consel<a href=\"http:\/\/agora.xtec.cat\/col-pompeufabrasalt\/wp-content\/uploads\/usu886\/2017\/10\/IMG_4961.jpg\"><\/a>lera d&#8217;Ensenyament del Govern de la Generalitat de Catalunya, Clara Ponsat\u00ed:<br \/>\n&#8220;L&#8217;escola catalana ha estat, \u00e9s i ser\u00e0 exemple de llibertat, conviv\u00e8ncia, democr\u00e0cia, i pluriling\u00fcisme. Acusacions infundades i mentides&hellip;  <a href=\"https:\/\/agora.xtec.cat\/col-pompeufabrasalt\/general\/no-toqueu-les-nostes-escoles\/\" title=\"Read No toqueu les nostres escoles\">Llegeix m\u00e9s\u00bb<\/a><\/p>\n","protected":false},"author":1,"featured_media":1807,"comment_status":"open","ping_status":"closed","sticky":false,"template":"","format":"standard","meta":{"_bbp_topic_count":0,"_bbp_reply_count":0,"_bbp_total_topic_count":0,"_bbp_total_reply_count":0,"_bbp_voice_count":0,"_bbp_anonymous_reply_count":0,"_bbp_topic_count_hidden":0,"_bbp_reply_count_hidden":0,"_bbp_forum_subforum_count":0,"footnotes":""},"categories":[1,4],"tags":[],"class_list":["post-1806","post","type-post","status-publish","format-standard","has-post-thumbnail","hentry","category-general","category-portada"],"post_mailing_queue_ids":[],"_links":{"self":[{"href":"https:\/\/agora.xtec.cat\/col-pompeufabrasalt\/wp-json\/wp\/v2\/posts\/1806","targetHints":{"allow":["GET"]}}],"collection":[{"href":"https:\/\/agora.xtec.cat\/col-pompeufabrasalt\/wp-json\/wp\/v2\/posts"}],"about":[{"href":"https:\/\/agora.xtec.cat\/col-pompeufabrasalt\/wp-json\/wp\/v2\/types\/post"}],"author":[{"embeddable":true,"href":"https:\/\/agora.xtec.cat\/col-pompeufabrasalt\/wp-json\/wp\/v2\/users\/1"}],"replies":[{"embeddable":true,"href":"https:\/\/agora.xtec.cat\/col-pompeufabrasalt\/wp-json\/wp\/v2\/comments?post=1806"}],"version-history":[{"count":2,"href":"https:\/\/agora.xtec.cat\/col-pompeufabrasalt\/wp-json\/wp\/v2\/posts\/1806\/revisions"}],"predecessor-version":[{"id":1809,"href":"https:\/\/agora.xtec.cat\/col-pompeufabrasalt\/wp-json\/wp\/v2\/posts\/1806\/revisions\/1809"}],"wp:featuredmedia":[{"embeddable":true,"href":"https:\/\/agora.xtec.cat\/col-pompeufabrasalt\/wp-json\/wp\/v2\/media\/1807"}],"wp:attachment":[{"href":"https:\/\/agora.xtec.cat\/col-pompeufabrasalt\/wp-json\/wp\/v2\/media?parent=1806"}],"wp:term":[{"taxonomy":"category","embeddable":true,"href":"https:\/\/agora.xtec.cat\/col-pompeufabrasalt\/wp-json\/wp\/v2\/categories?post=1806"},{"taxonomy":"post_tag","embeddable":true,"href":"https:\/\/agora.xtec.cat\/col-pompeufabrasalt\/wp-json\/wp\/v2\/tags?post=1806"}],"curies":[{"name":"wp","href":"https:\/\/api.w.org\/{rel}","templated":true}]}}