{"id":1255,"date":"2017-01-30T19:57:40","date_gmt":"2017-01-30T18:57:40","guid":{"rendered":"http:\/\/agora.xtec.cat\/col-pompeufabrasalt\/?p=1255"},"modified":"2017-01-30T19:57:40","modified_gmt":"2017-01-30T18:57:40","slug":"obrim-la-porta-a-la-pau","status":"publish","type":"post","link":"https:\/\/agora.xtec.cat\/col-pompeufabrasalt\/portada\/obrim-la-porta-a-la-pau\/","title":{"rendered":"Obrim la porta a la pau"},"content":{"rendered":"<p><a href=\"http:\/\/agora.xtec.cat\/col-pompeufabrasalt\/wp-content\/uploads\/usu886\/2017\/01\/IMG_0330.jpg\"><img loading=\"lazy\" decoding=\"async\" class=\"size-medium wp-image-1257 alignright\" src=\"http:\/\/agora.xtec.cat\/col-pompeufabrasalt\/wp-content\/uploads\/usu886\/2017\/01\/IMG_0330-300x224.jpg\" alt=\"img_0330\" width=\"300\" height=\"224\" srcset=\"https:\/\/agora.xtec.cat\/col-pompeufabrasalt\/wp-content\/uploads\/usu886\/2017\/01\/IMG_0330-300x224.jpg 300w, https:\/\/agora.xtec.cat\/col-pompeufabrasalt\/wp-content\/uploads\/usu886\/2017\/01\/IMG_0330-768x574.jpg 768w, https:\/\/agora.xtec.cat\/col-pompeufabrasalt\/wp-content\/uploads\/usu886\/2017\/01\/IMG_0330-1024x765.jpg 1024w, https:\/\/agora.xtec.cat\/col-pompeufabrasalt\/wp-content\/uploads\/usu886\/2017\/01\/IMG_0330-200x150.jpg 200w\" sizes=\"auto, (max-width: 300px) 100vw, 300px\" \/><\/a>Aquest any per celebrar el <strong>Dia Escolar de la Pau i la No Viol\u00e8ncia<\/strong> (30 de Gener) a les classes d&#8217;infantil i prim\u00e0ria hem treballat el tema dels refugiats: fam\u00edlies senceres que busquen un nou lloc per viure a Europa. Hem treballat tot all\u00f2 que han perdut i troben a faltar: seguretat, alegria, esperan\u00e7a i llibertat.<\/p>\n<p>Trobareu la informaci\u00f3 sobre les activitats que s&#8217;han dut a terme al llarg de la jornada i l&#8217;\u00e0lbum de fotografies d&#8217;aquestes activitats en el blog Dia a Dia d&#8217;infantil i prim\u00e0ria (<a href=\"http:\/\/diaadiainfpri.blogspot.com.es\/\" target=\"_blank\">cliqueu aqu\u00ed<\/a>).<\/p>\n","protected":false},"excerpt":{"rendered":"<p><a href=\"http:\/\/agora.xtec.cat\/col-pompeufabrasalt\/wp-content\/uploads\/usu886\/2017\/01\/IMG_0330.jpg\"><\/a>Aquest any per celebrar el Dia Escolar de la Pau i la No Viol\u00e8ncia (30 de Gener) a les classes d&#8217;infantil i prim\u00e0ria hem treballat el tema dels refugiats: fam\u00edlies senceres que busquen un nou lloc per viure a Europa. Hem treballat tot all\u00f2&hellip;  <a href=\"https:\/\/agora.xtec.cat\/col-pompeufabrasalt\/portada\/obrim-la-porta-a-la-pau\/\" title=\"Read Obrim la porta a la pau\">Llegeix m\u00e9s\u00bb<\/a><\/p>\n","protected":false},"author":5,"featured_media":1257,"comment_status":"open","ping_status":"open","sticky":false,"template":"","format":"standard","meta":{"_bbp_topic_count":0,"_bbp_reply_count":0,"_bbp_total_topic_count":0,"_bbp_total_reply_count":0,"_bbp_voice_count":0,"_bbp_anonymous_reply_count":0,"_bbp_topic_count_hidden":0,"_bbp_reply_count_hidden":0,"_bbp_forum_subforum_count":0,"footnotes":""},"categories":[25,4],"tags":[],"class_list":["post-1255","post","type-post","status-publish","format-standard","has-post-thumbnail","hentry","category-infantil-i-primaria","category-portada"],"post_mailing_queue_ids":[],"_links":{"self":[{"href":"https:\/\/agora.xtec.cat\/col-pompeufabrasalt\/wp-json\/wp\/v2\/posts\/1255","targetHints":{"allow":["GET"]}}],"collection":[{"href":"https:\/\/agora.xtec.cat\/col-pompeufabrasalt\/wp-json\/wp\/v2\/posts"}],"about":[{"href":"https:\/\/agora.xtec.cat\/col-pompeufabrasalt\/wp-json\/wp\/v2\/types\/post"}],"author":[{"embeddable":true,"href":"https:\/\/agora.xtec.cat\/col-pompeufabrasalt\/wp-json\/wp\/v2\/users\/5"}],"replies":[{"embeddable":true,"href":"https:\/\/agora.xtec.cat\/col-pompeufabrasalt\/wp-json\/wp\/v2\/comments?post=1255"}],"version-history":[{"count":2,"href":"https:\/\/agora.xtec.cat\/col-pompeufabrasalt\/wp-json\/wp\/v2\/posts\/1255\/revisions"}],"predecessor-version":[{"id":1258,"href":"https:\/\/agora.xtec.cat\/col-pompeufabrasalt\/wp-json\/wp\/v2\/posts\/1255\/revisions\/1258"}],"wp:featuredmedia":[{"embeddable":true,"href":"https:\/\/agora.xtec.cat\/col-pompeufabrasalt\/wp-json\/wp\/v2\/media\/1257"}],"wp:attachment":[{"href":"https:\/\/agora.xtec.cat\/col-pompeufabrasalt\/wp-json\/wp\/v2\/media?parent=1255"}],"wp:term":[{"taxonomy":"category","embeddable":true,"href":"https:\/\/agora.xtec.cat\/col-pompeufabrasalt\/wp-json\/wp\/v2\/categories?post=1255"},{"taxonomy":"post_tag","embeddable":true,"href":"https:\/\/agora.xtec.cat\/col-pompeufabrasalt\/wp-json\/wp\/v2\/tags?post=1255"}],"curies":[{"name":"wp","href":"https:\/\/api.w.org\/{rel}","templated":true}]}}