{"id":800,"date":"2018-12-12T15:15:46","date_gmt":"2018-12-12T14:15:46","guid":{"rendered":"http:\/\/agora.xtec.cat\/col-lesneus\/?p=800"},"modified":"2018-12-12T15:18:11","modified_gmt":"2018-12-12T14:18:11","slug":"xerrada-marato-tv3-a-3r-eso","status":"publish","type":"post","link":"https:\/\/agora.xtec.cat\/col-lesneus\/general\/xerrada-marato-tv3-a-3r-eso\/","title":{"rendered":"XERRADA MARAT\u00d3 TV3 A 3r ESO"},"content":{"rendered":"<p>Tot a punt per a La Marat\u00f3 d&#8217;aquest diumenge!<br \/>\nGemma Nierga i Ramon Gener, a TV3, i Roger Escapa, a Catalunya R\u00e0dio, seran els encarregats de presentar aquesta edici\u00f3 dedicada al c\u00e0ncer.<br \/>\nLa Marat\u00f3 \u00e9s un espai de refer\u00e8ncia que combina la divulgaci\u00f3 cient\u00edfica, les entrevistes i els reportatges, les connexions arreu del territori i l&#8217;entreteniment.<br \/>\nCom ja \u00e9s habitual, La Marat\u00f3 comen\u00e7ar\u00e0 a Catalunya R\u00e0dio, a les 8.00, amb &#8220;El suplement&#8221;. El nou presentador, Roger Escapa, hi dedicar\u00e0 el programa en una jornada especial amb entrevistes, actuacions en directe i connexions amb l&#8217;exterior. I, a partir de les 10.00, s&#8217;hi afegir\u00e0 TV3, amb Gemma Nierga i Ramon Gener.<br \/>\nEl lema d&#8217;aquesta edici\u00f3 \u00e9s clar: &#8220;La investigaci\u00f3 dona vida&#8221;. Al seu voltant, 15 hores de televisi\u00f3 i cinc de r\u00e0dio en directe amb un repte:  sensibilitzar sobre la dura realitat del c\u00e0ncer i mobilitzar el pa\u00eds per aconseguir fons per a la investigaci\u00f3 biom\u00e8dica.<\/p>\n<p>HI HA MOLTES MANERES DE COL\u00b7LABORAR. ENTREU EN EL SEG\u00dcENT ENLLA\u00c7 I HO VEUREU!!<\/p>\n<p><a href=\"https:\/\/www.ccma.cat\/tv3\/marato\/\" rel=\"noopener\" target=\"_blank\">MARAT\u00d3 TV3<\/a><\/p>\n","protected":false},"excerpt":{"rendered":"<p>Tot a punt per a La Marat\u00f3 d&#8217;aquest diumenge!<br \/>\nGemma Nierga i Ramon Gener, a TV3, i Roger Escapa, a Catalunya R\u00e0dio, seran els encarregats de presentar aquesta edici\u00f3 dedicada al c\u00e0ncer.<br \/>\nLa Marat\u00f3 \u00e9s un espai de refer\u00e8ncia que combina la divulgaci\u00f3 cient\u00edfica, les entrevistes i&hellip;  <a href=\"https:\/\/agora.xtec.cat\/col-lesneus\/general\/xerrada-marato-tv3-a-3r-eso\/\" title=\"Read XERRADA MARAT\u00d3 TV3 A 3r ESO\">Llegeix m\u00e9s\u00bb<\/a><\/p>\n","protected":false},"author":1,"featured_media":802,"comment_status":"open","ping_status":"closed","sticky":false,"template":"","format":"standard","meta":{"_bbp_topic_count":0,"_bbp_reply_count":0,"_bbp_total_topic_count":0,"_bbp_total_reply_count":0,"_bbp_voice_count":0,"_bbp_anonymous_reply_count":0,"_bbp_topic_count_hidden":0,"_bbp_reply_count_hidden":0,"_bbp_forum_subforum_count":0,"footnotes":""},"categories":[3,1,29],"tags":[],"class_list":["post-800","post","type-post","status-publish","format-standard","has-post-thumbnail","hentry","category-eso","category-general","category-portada"],"post_mailing_queue_ids":[],"_links":{"self":[{"href":"https:\/\/agora.xtec.cat\/col-lesneus\/wp-json\/wp\/v2\/posts\/800","targetHints":{"allow":["GET"]}}],"collection":[{"href":"https:\/\/agora.xtec.cat\/col-lesneus\/wp-json\/wp\/v2\/posts"}],"about":[{"href":"https:\/\/agora.xtec.cat\/col-lesneus\/wp-json\/wp\/v2\/types\/post"}],"author":[{"embeddable":true,"href":"https:\/\/agora.xtec.cat\/col-lesneus\/wp-json\/wp\/v2\/users\/1"}],"replies":[{"embeddable":true,"href":"https:\/\/agora.xtec.cat\/col-lesneus\/wp-json\/wp\/v2\/comments?post=800"}],"version-history":[{"count":1,"href":"https:\/\/agora.xtec.cat\/col-lesneus\/wp-json\/wp\/v2\/posts\/800\/revisions"}],"predecessor-version":[{"id":801,"href":"https:\/\/agora.xtec.cat\/col-lesneus\/wp-json\/wp\/v2\/posts\/800\/revisions\/801"}],"wp:featuredmedia":[{"embeddable":true,"href":"https:\/\/agora.xtec.cat\/col-lesneus\/wp-json\/wp\/v2\/media\/802"}],"wp:attachment":[{"href":"https:\/\/agora.xtec.cat\/col-lesneus\/wp-json\/wp\/v2\/media?parent=800"}],"wp:term":[{"taxonomy":"category","embeddable":true,"href":"https:\/\/agora.xtec.cat\/col-lesneus\/wp-json\/wp\/v2\/categories?post=800"},{"taxonomy":"post_tag","embeddable":true,"href":"https:\/\/agora.xtec.cat\/col-lesneus\/wp-json\/wp\/v2\/tags?post=800"}],"curies":[{"name":"wp","href":"https:\/\/api.w.org\/{rel}","templated":true}]}}