{"id":2052,"date":"2021-02-02T09:05:24","date_gmt":"2021-02-02T08:05:24","guid":{"rendered":"http:\/\/agora.xtec.cat\/col-lesneus\/?p=2052"},"modified":"2021-02-02T09:05:24","modified_gmt":"2021-02-02T08:05:24","slug":"benvingut-a-classe-joan-miro","status":"publish","type":"post","link":"https:\/\/agora.xtec.cat\/col-lesneus\/portada\/benvingut-a-classe-joan-miro\/","title":{"rendered":"BENVINGUT A CLASSE JOAN MIR\u00d3"},"content":{"rendered":"<p>Els nens i nenes de P4 hem fet a classe un taller per con\u00e8ixer la vida i obra d&#8217;en Joan Mir\u00f3. Ens han explicat una hist\u00f2ria per saber com va arribar a ser un pintor tan important, fins i tot ens\u00a0hem\u00a0disfressat de la\u00a0fam\u00edlia\u00a0d&#8217;en Joan Mir\u00f3!<\/p>\n<p>Hem\u00a0somiat com feia Joan Mir\u00f3&#8230;i en obrir els ulls\u00a0hem\u00a0trobat elements de la seva obra que\u00a0hem\u00a0reconegut als seus quadres. I&#8230; per\u00a0acabar,\u00a0hem\u00a0agafat pintura i\u00a0hem\u00a0creat uns quadres utilitzant pinzells i les nostres mans!<\/p>\n<p>Hem\u00a0apr\u00e8s molt\u00edssim i ens ho hem passat d&#8217;all\u00f2 m\u00e9s b\u00e9!<\/p>\n<p><a href=\"https:\/\/agora.xtec.cat\/col-lesneus\/wp-content\/uploads\/usu1074\/2021\/02\/1.jpg\"><img loading=\"lazy\" decoding=\"async\" class=\"alignnone size-large wp-image-2066\" src=\"https:\/\/agora.xtec.cat\/col-lesneus\/wp-content\/uploads\/usu1074\/2021\/02\/1-1024x683.jpg\" alt=\"\" width=\"1024\" height=\"683\" srcset=\"https:\/\/agora.xtec.cat\/col-lesneus\/wp-content\/uploads\/usu1074\/2021\/02\/1-1024x683.jpg 1024w, https:\/\/agora.xtec.cat\/col-lesneus\/wp-content\/uploads\/usu1074\/2021\/02\/1-300x200.jpg 300w, https:\/\/agora.xtec.cat\/col-lesneus\/wp-content\/uploads\/usu1074\/2021\/02\/1-768x512.jpg 768w\" sizes=\"auto, (max-width: 1024px) 100vw, 1024px\" \/><\/a><a href=\"https:\/\/agora.xtec.cat\/col-lesneus\/wp-content\/uploads\/usu1074\/2021\/02\/2.jpg\"><img loading=\"lazy\" decoding=\"async\" class=\"alignnone size-large wp-image-2067\" src=\"https:\/\/agora.xtec.cat\/col-lesneus\/wp-content\/uploads\/usu1074\/2021\/02\/2-1024x683.jpg\" alt=\"\" width=\"1024\" height=\"683\" srcset=\"https:\/\/agora.xtec.cat\/col-lesneus\/wp-content\/uploads\/usu1074\/2021\/02\/2-1024x683.jpg 1024w, https:\/\/agora.xtec.cat\/col-lesneus\/wp-content\/uploads\/usu1074\/2021\/02\/2-300x200.jpg 300w, https:\/\/agora.xtec.cat\/col-lesneus\/wp-content\/uploads\/usu1074\/2021\/02\/2-768x512.jpg 768w\" sizes=\"auto, (max-width: 1024px) 100vw, 1024px\" \/><\/a><a href=\"https:\/\/agora.xtec.cat\/col-lesneus\/wp-content\/uploads\/usu1074\/2021\/02\/3.jpg\"><img loading=\"lazy\" decoding=\"async\" class=\"alignnone size-large wp-image-2068\" src=\"https:\/\/agora.xtec.cat\/col-lesneus\/wp-content\/uploads\/usu1074\/2021\/02\/3-1024x683.jpg\" alt=\"\" width=\"1024\" height=\"683\" srcset=\"https:\/\/agora.xtec.cat\/col-lesneus\/wp-content\/uploads\/usu1074\/2021\/02\/3-1024x683.jpg 1024w, https:\/\/agora.xtec.cat\/col-lesneus\/wp-content\/uploads\/usu1074\/2021\/02\/3-300x200.jpg 300w, https:\/\/agora.xtec.cat\/col-lesneus\/wp-content\/uploads\/usu1074\/2021\/02\/3-768x512.jpg 768w\" sizes=\"auto, (max-width: 1024px) 100vw, 1024px\" \/><\/a><a href=\"https:\/\/agora.xtec.cat\/col-lesneus\/wp-content\/uploads\/usu1074\/2021\/02\/4.jpg\"><img loading=\"lazy\" decoding=\"async\" class=\"alignnone size-large wp-image-2069\" src=\"https:\/\/agora.xtec.cat\/col-lesneus\/wp-content\/uploads\/usu1074\/2021\/02\/4-1024x683.jpg\" alt=\"\" width=\"1024\" height=\"683\" srcset=\"https:\/\/agora.xtec.cat\/col-lesneus\/wp-content\/uploads\/usu1074\/2021\/02\/4-1024x683.jpg 1024w, https:\/\/agora.xtec.cat\/col-lesneus\/wp-content\/uploads\/usu1074\/2021\/02\/4-300x200.jpg 300w, https:\/\/agora.xtec.cat\/col-lesneus\/wp-content\/uploads\/usu1074\/2021\/02\/4-768x512.jpg 768w\" sizes=\"auto, (max-width: 1024px) 100vw, 1024px\" \/><\/a><a href=\"https:\/\/agora.xtec.cat\/col-lesneus\/wp-content\/uploads\/usu1074\/2021\/02\/5.jpg\"><img loading=\"lazy\" decoding=\"async\" class=\"alignnone size-large wp-image-2070\" src=\"https:\/\/agora.xtec.cat\/col-lesneus\/wp-content\/uploads\/usu1074\/2021\/02\/5-1024x683.jpg\" alt=\"\" width=\"1024\" height=\"683\" srcset=\"https:\/\/agora.xtec.cat\/col-lesneus\/wp-content\/uploads\/usu1074\/2021\/02\/5-1024x683.jpg 1024w, https:\/\/agora.xtec.cat\/col-lesneus\/wp-content\/uploads\/usu1074\/2021\/02\/5-300x200.jpg 300w, https:\/\/agora.xtec.cat\/col-lesneus\/wp-content\/uploads\/usu1074\/2021\/02\/5-768x512.jpg 768w\" sizes=\"auto, (max-width: 1024px) 100vw, 1024px\" \/><\/a><a href=\"https:\/\/agora.xtec.cat\/col-lesneus\/wp-content\/uploads\/usu1074\/2021\/02\/6.jpg\"><img loading=\"lazy\" decoding=\"async\" class=\"alignnone size-large wp-image-2071\" src=\"https:\/\/agora.xtec.cat\/col-lesneus\/wp-content\/uploads\/usu1074\/2021\/02\/6-1024x683.jpg\" alt=\"\" width=\"1024\" height=\"683\" srcset=\"https:\/\/agora.xtec.cat\/col-lesneus\/wp-content\/uploads\/usu1074\/2021\/02\/6-1024x683.jpg 1024w, https:\/\/agora.xtec.cat\/col-lesneus\/wp-content\/uploads\/usu1074\/2021\/02\/6-300x200.jpg 300w, https:\/\/agora.xtec.cat\/col-lesneus\/wp-content\/uploads\/usu1074\/2021\/02\/6-768x512.jpg 768w\" sizes=\"auto, (max-width: 1024px) 100vw, 1024px\" \/><\/a><a href=\"https:\/\/agora.xtec.cat\/col-lesneus\/wp-content\/uploads\/usu1074\/2021\/02\/7.jpg\"><img loading=\"lazy\" decoding=\"async\" class=\"alignnone size-large wp-image-2072\" src=\"https:\/\/agora.xtec.cat\/col-lesneus\/wp-content\/uploads\/usu1074\/2021\/02\/7-1024x683.jpg\" alt=\"\" width=\"1024\" height=\"683\" srcset=\"https:\/\/agora.xtec.cat\/col-lesneus\/wp-content\/uploads\/usu1074\/2021\/02\/7-1024x683.jpg 1024w, https:\/\/agora.xtec.cat\/col-lesneus\/wp-content\/uploads\/usu1074\/2021\/02\/7-300x200.jpg 300w, https:\/\/agora.xtec.cat\/col-lesneus\/wp-content\/uploads\/usu1074\/2021\/02\/7-768x512.jpg 768w\" sizes=\"auto, (max-width: 1024px) 100vw, 1024px\" \/><\/a><a href=\"https:\/\/agora.xtec.cat\/col-lesneus\/wp-content\/uploads\/usu1074\/2021\/02\/8.jpg\"><img loading=\"lazy\" decoding=\"async\" class=\"alignnone size-large wp-image-2073\" src=\"https:\/\/agora.xtec.cat\/col-lesneus\/wp-content\/uploads\/usu1074\/2021\/02\/8-768x1024.jpg\" alt=\"\" width=\"768\" height=\"1024\" srcset=\"https:\/\/agora.xtec.cat\/col-lesneus\/wp-content\/uploads\/usu1074\/2021\/02\/8-768x1024.jpg 768w, https:\/\/agora.xtec.cat\/col-lesneus\/wp-content\/uploads\/usu1074\/2021\/02\/8-225x300.jpg 225w, https:\/\/agora.xtec.cat\/col-lesneus\/wp-content\/uploads\/usu1074\/2021\/02\/8.jpg 1536w\" sizes=\"auto, (max-width: 768px) 100vw, 768px\" \/><\/a><a href=\"https:\/\/agora.xtec.cat\/col-lesneus\/wp-content\/uploads\/usu1074\/2021\/02\/9.jpg\"><img loading=\"lazy\" decoding=\"async\" class=\"alignnone size-large wp-image-2074\" src=\"https:\/\/agora.xtec.cat\/col-lesneus\/wp-content\/uploads\/usu1074\/2021\/02\/9-768x1024.jpg\" alt=\"\" width=\"768\" height=\"1024\" srcset=\"https:\/\/agora.xtec.cat\/col-lesneus\/wp-content\/uploads\/usu1074\/2021\/02\/9-768x1024.jpg 768w, https:\/\/agora.xtec.cat\/col-lesneus\/wp-content\/uploads\/usu1074\/2021\/02\/9-225x300.jpg 225w, https:\/\/agora.xtec.cat\/col-lesneus\/wp-content\/uploads\/usu1074\/2021\/02\/9.jpg 1536w\" sizes=\"auto, (max-width: 768px) 100vw, 768px\" \/><\/a><a href=\"https:\/\/agora.xtec.cat\/col-lesneus\/wp-content\/uploads\/usu1074\/2021\/02\/10.jpg\"><img loading=\"lazy\" decoding=\"async\" class=\"alignnone size-large wp-image-2075\" src=\"https:\/\/agora.xtec.cat\/col-lesneus\/wp-content\/uploads\/usu1074\/2021\/02\/10-768x1024.jpg\" alt=\"\" width=\"768\" height=\"1024\" srcset=\"https:\/\/agora.xtec.cat\/col-lesneus\/wp-content\/uploads\/usu1074\/2021\/02\/10-768x1024.jpg 768w, https:\/\/agora.xtec.cat\/col-lesneus\/wp-content\/uploads\/usu1074\/2021\/02\/10-225x300.jpg 225w, https:\/\/agora.xtec.cat\/col-lesneus\/wp-content\/uploads\/usu1074\/2021\/02\/10.jpg 1536w\" sizes=\"auto, (max-width: 768px) 100vw, 768px\" \/><\/a><\/p>\n","protected":false},"excerpt":{"rendered":"<p>Els nens i nenes de P4 hem fet a classe un taller per con\u00e8ixer la vida i obra d&#8217;en Joan Mir\u00f3. Ens han explicat una hist\u00f2ria per saber com va arribar a ser un pintor tan important, fins i tot ens\u00a0hem\u00a0disfressat de la\u00a0fam\u00edlia\u00a0d&#8217;en Joan Mir\u00f3!<br \/>\nHem\u00a0somiat&hellip;  <a href=\"https:\/\/agora.xtec.cat\/col-lesneus\/portada\/benvingut-a-classe-joan-miro\/\" title=\"Read BENVINGUT A CLASSE JOAN MIR\u00d3\">Llegeix m\u00e9s\u00bb<\/a><\/p>\n","protected":false},"author":44,"featured_media":0,"comment_status":"open","ping_status":"closed","sticky":false,"template":"","format":"standard","meta":{"_bbp_topic_count":0,"_bbp_reply_count":0,"_bbp_total_topic_count":0,"_bbp_total_reply_count":0,"_bbp_voice_count":0,"_bbp_anonymous_reply_count":0,"_bbp_topic_count_hidden":0,"_bbp_reply_count_hidden":0,"_bbp_forum_subforum_count":0,"footnotes":""},"categories":[130,136,132,29],"tags":[],"class_list":["post-2052","post","type-post","status-publish","format-standard","hentry","category-ei","category-lescola","category-p4","category-portada"],"post_mailing_queue_ids":[],"_links":{"self":[{"href":"https:\/\/agora.xtec.cat\/col-lesneus\/wp-json\/wp\/v2\/posts\/2052","targetHints":{"allow":["GET"]}}],"collection":[{"href":"https:\/\/agora.xtec.cat\/col-lesneus\/wp-json\/wp\/v2\/posts"}],"about":[{"href":"https:\/\/agora.xtec.cat\/col-lesneus\/wp-json\/wp\/v2\/types\/post"}],"author":[{"embeddable":true,"href":"https:\/\/agora.xtec.cat\/col-lesneus\/wp-json\/wp\/v2\/users\/44"}],"replies":[{"embeddable":true,"href":"https:\/\/agora.xtec.cat\/col-lesneus\/wp-json\/wp\/v2\/comments?post=2052"}],"version-history":[{"count":1,"href":"https:\/\/agora.xtec.cat\/col-lesneus\/wp-json\/wp\/v2\/posts\/2052\/revisions"}],"predecessor-version":[{"id":2076,"href":"https:\/\/agora.xtec.cat\/col-lesneus\/wp-json\/wp\/v2\/posts\/2052\/revisions\/2076"}],"wp:attachment":[{"href":"https:\/\/agora.xtec.cat\/col-lesneus\/wp-json\/wp\/v2\/media?parent=2052"}],"wp:term":[{"taxonomy":"category","embeddable":true,"href":"https:\/\/agora.xtec.cat\/col-lesneus\/wp-json\/wp\/v2\/categories?post=2052"},{"taxonomy":"post_tag","embeddable":true,"href":"https:\/\/agora.xtec.cat\/col-lesneus\/wp-json\/wp\/v2\/tags?post=2052"}],"curies":[{"name":"wp","href":"https:\/\/api.w.org\/{rel}","templated":true}]}}