{"id":999,"date":"2016-03-05T06:00:00","date_gmt":"2016-03-05T05:00:00","guid":{"rendered":"http:\/\/agora.xtec.cat\/col-imma-lloret\/general\/excursio-a-can-vandrell-2\/"},"modified":"2016-03-05T06:00:00","modified_gmt":"2016-03-05T05:00:00","slug":"excursio-a-can-vandrell-2","status":"publish","type":"post","link":"https:\/\/agora.xtec.cat\/col-imma-lloret\/infantil-primaria\/infantil\/i4\/excursio-a-can-vandrell-2\/","title":{"rendered":"Excursi\u00f3 a can Vandrell"},"content":{"rendered":"<p>Hem anat d&#8217;excursi\u00f3 a Sant Feliu de Buixalleu a veure els planetes, el planetari i el &#8220;Cielito&#8221;.<br \/>Com que ens ho hem passat tant i tant b\u00e9, aqu\u00ed us deixem unes fotos perqu\u00e8 ho pugueu veure.<br \/>Ha sigut un dia molt &#8220;espacial&#8221; \ud83d\ude42<\/p>\n<p><embed flashvars=\"host=picasaweb.google.com&amp;hl=ca&amp;feat=flashalbum&amp;RGB=0x000000&amp;feed=https%3A%2F%2Fpicasaweb.google.com%2Fdata%2Ffeed%2Fapi%2Fuser%2F108016495972097786551%2Falbumid%2F6258268145637708801%3Falt%3Drss%26kind%3Dphoto%26hl%3Dca\" height=\"400\" pluginspage=\"http:\/\/www.macromedia.com\/go\/getflashplayer\" src=\"https:\/\/photos.gstatic.com\/media\/slideshow.swf\" type=\"application\/x-shockwave-flash\" width=\"600\"><\/embed><\/p>\n","protected":false},"excerpt":{"rendered":"<p>Hem anat d&#8217;excursi\u00f3 a Sant Feliu de Buixalleu a veure els planetes, el planetari i el &#8220;Cielito&#8221;.Com que ens ho hem passat tant i tant b\u00e9, aqu\u00ed us deixem unes fotos perqu\u00e8 ho pugueu veure.Ha sigut un dia molt &#8220;espacial&#8221; \ud83d\ude42<\/p>\n","protected":false},"author":15,"featured_media":0,"comment_status":"open","ping_status":"closed","sticky":false,"template":"","format":"standard","meta":{"_bbp_topic_count":0,"_bbp_reply_count":0,"_bbp_total_topic_count":0,"_bbp_total_reply_count":0,"_bbp_voice_count":0,"_bbp_anonymous_reply_count":0,"_bbp_topic_count_hidden":0,"_bbp_reply_count_hidden":0,"_bbp_forum_subforum_count":0,"footnotes":""},"categories":[119,116,118],"tags":[],"class_list":["post-999","post","type-post","status-publish","format-standard","hentry","category-2015-16","category-i4","category-nascuts11"],"post_mailing_queue_ids":[],"_links":{"self":[{"href":"https:\/\/agora.xtec.cat\/col-imma-lloret\/wp-json\/wp\/v2\/posts\/999","targetHints":{"allow":["GET"]}}],"collection":[{"href":"https:\/\/agora.xtec.cat\/col-imma-lloret\/wp-json\/wp\/v2\/posts"}],"about":[{"href":"https:\/\/agora.xtec.cat\/col-imma-lloret\/wp-json\/wp\/v2\/types\/post"}],"author":[{"embeddable":true,"href":"https:\/\/agora.xtec.cat\/col-imma-lloret\/wp-json\/wp\/v2\/users\/15"}],"replies":[{"embeddable":true,"href":"https:\/\/agora.xtec.cat\/col-imma-lloret\/wp-json\/wp\/v2\/comments?post=999"}],"version-history":[{"count":0,"href":"https:\/\/agora.xtec.cat\/col-imma-lloret\/wp-json\/wp\/v2\/posts\/999\/revisions"}],"wp:attachment":[{"href":"https:\/\/agora.xtec.cat\/col-imma-lloret\/wp-json\/wp\/v2\/media?parent=999"}],"wp:term":[{"taxonomy":"category","embeddable":true,"href":"https:\/\/agora.xtec.cat\/col-imma-lloret\/wp-json\/wp\/v2\/categories?post=999"},{"taxonomy":"post_tag","embeddable":true,"href":"https:\/\/agora.xtec.cat\/col-imma-lloret\/wp-json\/wp\/v2\/tags?post=999"}],"curies":[{"name":"wp","href":"https:\/\/api.w.org\/{rel}","templated":true}]}}