{"id":997,"date":"2016-03-10T16:59:00","date_gmt":"2016-03-10T15:59:00","guid":{"rendered":"http:\/\/agora.xtec.cat\/col-imma-lloret\/general\/antoni-gaudi\/"},"modified":"2016-03-10T16:59:00","modified_gmt":"2016-03-10T15:59:00","slug":"antoni-gaudi","status":"publish","type":"post","link":"https:\/\/agora.xtec.cat\/col-imma-lloret\/infantil-primaria\/infantil\/i4\/antoni-gaudi\/","title":{"rendered":"Antoni Gaud\u00ed"},"content":{"rendered":"<div style=\"text-align: justify;\">A l&#8217;escola estem aprenent moltes coses interessants sobre la vida i l&#8217;obra de l&#8217;arquitecte Antoni Gaud\u00ed, sobre la casa Batll\u00f3, el Parc G\u00fcell i la Sagrada Fam\u00edlia.&nbsp;<\/div>\n<div style=\"text-align: justify;\">Nosaltres tamb\u00e9 volem fer com en Gaud\u00ed i hem treballat el trencad\u00eds al nostre mural. Som uns artistes!<\/div>\n<p><embed flashvars=\"host=picasaweb.google.com&amp;hl=ca&amp;feat=flashalbum&amp;RGB=0x000000&amp;feed=https%3A%2F%2Fpicasaweb.google.com%2Fdata%2Ffeed%2Fapi%2Fuser%2F108016495972097786551%2Falbumid%2F6256845904776169329%3Falt%3Drss%26kind%3Dphoto%26hl%3Dca\" height=\"400\" pluginspage=\"http:\/\/www.macromedia.com\/go\/getflashplayer\" src=\"https:\/\/photos.gstatic.com\/media\/slideshow.swf\" type=\"application\/x-shockwave-flash\" width=\"600\"><\/embed>  Els nostres padrins de 4t de prim\u00e0ria tamb\u00e9 ens han explicat moltes coses interessants sobre Gaud\u00ed.   <embed embed=\"\" flashvars=\"host=picasaweb.google.com&amp;hl=ca&amp;feat=flashalbum&amp;RGB=0x000000&amp;feed=https%3A%2F%2Fpicasaweb.google.com%2Fdata%2Ffeed%2Fapi%2Fuser%2F108016495972097786551%2Falbumid%2F6261977212680565057%3Falt%3Drss%26kind%3Dphoto%26hl%3Dca\" height=\"400\" pluginspage=\"http:\/\/www.macromedia.com\/go\/getflashplayer\" src=\"https:\/\/photos.gstatic.com\/media\/slideshow.swf\" type=\"application\/x-shockwave-flash\" width=\"600\"><\/embed><\/p>\n<p><iframe loading=\"lazy\" allowfullscreen=\"\" frameborder=\"0\" height=\"315\" src=\"https:\/\/www.youtube.com\/embed\/1IImCJQvcIA\" width=\"560\"><\/iframe><\/p>\n","protected":false},"excerpt":{"rendered":"<p>A l&#8217;escola estem aprenent moltes coses interessants sobre la vida i l&#8217;obra de l&#8217;arquitecte Antoni Gaud\u00ed, sobre la casa Batll\u00f3, el Parc G\u00fcell i la Sagrada Fam\u00edlia.&nbsp;<br \/>\nNosaltres tamb\u00e9 volem fer com en Gaud\u00ed i hem treballat el trencad\u00eds al nostre mural. Som uns artistes!<br \/>\n &hellip;  <a href=\"https:\/\/agora.xtec.cat\/col-imma-lloret\/infantil-primaria\/infantil\/i4\/antoni-gaudi\/\" title=\"Read Antoni Gaud\u00ed\">Llegeix m\u00e9s\u00bb<\/a><\/p>\n","protected":false},"author":15,"featured_media":0,"comment_status":"open","ping_status":"closed","sticky":false,"template":"","format":"standard","meta":{"_bbp_topic_count":0,"_bbp_reply_count":0,"_bbp_total_topic_count":0,"_bbp_total_reply_count":0,"_bbp_voice_count":0,"_bbp_anonymous_reply_count":0,"_bbp_topic_count_hidden":0,"_bbp_reply_count_hidden":0,"_bbp_forum_subforum_count":0,"footnotes":""},"categories":[119,116,118],"tags":[],"class_list":["post-997","post","type-post","status-publish","format-standard","hentry","category-2015-16","category-i4","category-nascuts11"],"post_mailing_queue_ids":[],"_links":{"self":[{"href":"https:\/\/agora.xtec.cat\/col-imma-lloret\/wp-json\/wp\/v2\/posts\/997","targetHints":{"allow":["GET"]}}],"collection":[{"href":"https:\/\/agora.xtec.cat\/col-imma-lloret\/wp-json\/wp\/v2\/posts"}],"about":[{"href":"https:\/\/agora.xtec.cat\/col-imma-lloret\/wp-json\/wp\/v2\/types\/post"}],"author":[{"embeddable":true,"href":"https:\/\/agora.xtec.cat\/col-imma-lloret\/wp-json\/wp\/v2\/users\/15"}],"replies":[{"embeddable":true,"href":"https:\/\/agora.xtec.cat\/col-imma-lloret\/wp-json\/wp\/v2\/comments?post=997"}],"version-history":[{"count":0,"href":"https:\/\/agora.xtec.cat\/col-imma-lloret\/wp-json\/wp\/v2\/posts\/997\/revisions"}],"wp:attachment":[{"href":"https:\/\/agora.xtec.cat\/col-imma-lloret\/wp-json\/wp\/v2\/media?parent=997"}],"wp:term":[{"taxonomy":"category","embeddable":true,"href":"https:\/\/agora.xtec.cat\/col-imma-lloret\/wp-json\/wp\/v2\/categories?post=997"},{"taxonomy":"post_tag","embeddable":true,"href":"https:\/\/agora.xtec.cat\/col-imma-lloret\/wp-json\/wp\/v2\/tags?post=997"}],"curies":[{"name":"wp","href":"https:\/\/api.w.org\/{rel}","templated":true}]}}