{"id":9460,"date":"2018-10-11T12:26:21","date_gmt":"2018-10-11T10:26:21","guid":{"rendered":"http:\/\/agora.xtec.cat\/col-imma-lloret\/?p=9460"},"modified":"2018-10-24T08:24:59","modified_gmt":"2018-10-24T06:24:59","slug":"com-viuries-amb-cadira-de-rodes-gimcana-de-limitacions","status":"publish","type":"post","link":"https:\/\/agora.xtec.cat\/col-imma-lloret\/general\/com-viuries-amb-cadira-de-rodes-gimcana-de-limitacions\/","title":{"rendered":"Com viuries amb cadira de rodes? Gimcana de limitacions"},"content":{"rendered":"<p>En Xavi \u00e9s parapl\u00e8gic i es despla\u00e7a en cadira de\u00a0 rodes. Ens ha explicat com \u00e9s viure amb una discapacitat i li hem pogut fer tot un seguit de preguntes. \u00a0No \u00e9s f\u00e0cil, per\u00f2 has de tirar endavant i superar els entrebancs. Despr\u00e9s ens ha preparat una serie d&#8217;activitats.<\/p>\n<p>Primer hem pogut provar les cadires de rodes i fer una volteta per fora de ll&#8217;escola. Despr\u00e9s hem fet una gimcana a l&#8217;escola amb diverses prover: un circuit marcat a terra amb cons, escriure amb la boca, com una persona que no pot utilitzar el bra\u00e7os, dibuixar amb els ulls tapats i posar aigua en un got, per saber com se sent un cec.<\/p>\n<p>Aqu\u00ed teniu unes imatges!<\/p>\n<p>&nbsp;<\/p>\n<p><a href=\"https:\/\/photos.app.goo.gl\/aGBe3L9EcryXEr7DA\"><img loading=\"lazy\" decoding=\"async\" class=\"alignnone size-full wp-image-9461\" src=\"https:\/\/agora.xtec.cat\/col-imma-lloret\/wp-content\/uploads\/usu1420\/2018\/10\/Captura-de-pantalla-2018-10-16-a-las-12.35.52.png\" alt=\"\" width=\"824\" height=\"515\" srcset=\"https:\/\/agora.xtec.cat\/col-imma-lloret\/wp-content\/uploads\/usu1420\/2018\/10\/Captura-de-pantalla-2018-10-16-a-las-12.35.52.png 824w, https:\/\/agora.xtec.cat\/col-imma-lloret\/wp-content\/uploads\/usu1420\/2018\/10\/Captura-de-pantalla-2018-10-16-a-las-12.35.52-300x188.png 300w, https:\/\/agora.xtec.cat\/col-imma-lloret\/wp-content\/uploads\/usu1420\/2018\/10\/Captura-de-pantalla-2018-10-16-a-las-12.35.52-768x480.png 768w\" sizes=\"auto, (max-width: 824px) 100vw, 824px\" \/><\/a><\/p>\n","protected":false},"excerpt":{"rendered":"<p>En Xavi \u00e9s parapl\u00e8gic i es despla\u00e7a en cadira de\u00a0 rodes. Ens ha explicat com \u00e9s viure amb una discapacitat i li hem pogut fer tot un seguit de preguntes. \u00a0No \u00e9s f\u00e0cil, per\u00f2 has de tirar endavant i superar els entrebancs. Despr\u00e9s ens ha&hellip;  <a href=\"https:\/\/agora.xtec.cat\/col-imma-lloret\/general\/com-viuries-amb-cadira-de-rodes-gimcana-de-limitacions\/\" title=\"Read Com viuries amb cadira de rodes? Gimcana de limitacions\">Llegeix m\u00e9s\u00bb<\/a><\/p>\n","protected":false},"author":1,"featured_media":9461,"comment_status":"open","ping_status":"closed","sticky":false,"template":"","format":"standard","meta":{"_bbp_topic_count":0,"_bbp_reply_count":0,"_bbp_total_topic_count":0,"_bbp_total_reply_count":0,"_bbp_voice_count":0,"_bbp_anonymous_reply_count":0,"_bbp_topic_count_hidden":0,"_bbp_reply_count_hidden":0,"_bbp_forum_subforum_count":0,"footnotes":""},"categories":[492,134,1,129,29],"tags":[],"class_list":["post-9460","post","type-post","status-publish","format-standard","has-post-thumbnail","hentry","category-2018-2019","category-4t-primaria","category-general","category-nascuts-2009","category-portada"],"post_mailing_queue_ids":[],"_links":{"self":[{"href":"https:\/\/agora.xtec.cat\/col-imma-lloret\/wp-json\/wp\/v2\/posts\/9460","targetHints":{"allow":["GET"]}}],"collection":[{"href":"https:\/\/agora.xtec.cat\/col-imma-lloret\/wp-json\/wp\/v2\/posts"}],"about":[{"href":"https:\/\/agora.xtec.cat\/col-imma-lloret\/wp-json\/wp\/v2\/types\/post"}],"author":[{"embeddable":true,"href":"https:\/\/agora.xtec.cat\/col-imma-lloret\/wp-json\/wp\/v2\/users\/1"}],"replies":[{"embeddable":true,"href":"https:\/\/agora.xtec.cat\/col-imma-lloret\/wp-json\/wp\/v2\/comments?post=9460"}],"version-history":[{"count":1,"href":"https:\/\/agora.xtec.cat\/col-imma-lloret\/wp-json\/wp\/v2\/posts\/9460\/revisions"}],"predecessor-version":[{"id":9462,"href":"https:\/\/agora.xtec.cat\/col-imma-lloret\/wp-json\/wp\/v2\/posts\/9460\/revisions\/9462"}],"wp:featuredmedia":[{"embeddable":true,"href":"https:\/\/agora.xtec.cat\/col-imma-lloret\/wp-json\/wp\/v2\/media\/9461"}],"wp:attachment":[{"href":"https:\/\/agora.xtec.cat\/col-imma-lloret\/wp-json\/wp\/v2\/media?parent=9460"}],"wp:term":[{"taxonomy":"category","embeddable":true,"href":"https:\/\/agora.xtec.cat\/col-imma-lloret\/wp-json\/wp\/v2\/categories?post=9460"},{"taxonomy":"post_tag","embeddable":true,"href":"https:\/\/agora.xtec.cat\/col-imma-lloret\/wp-json\/wp\/v2\/tags?post=9460"}],"curies":[{"name":"wp","href":"https:\/\/api.w.org\/{rel}","templated":true}]}}