{"id":8868,"date":"2018-06-02T20:28:28","date_gmt":"2018-06-02T18:28:28","guid":{"rendered":"http:\/\/agora.xtec.cat\/col-imma-lloret\/?p=8868"},"modified":"2018-06-02T20:28:28","modified_gmt":"2018-06-02T18:28:28","slug":"oficis-infermera-odontoleg-i-electricista","status":"publish","type":"post","link":"https:\/\/agora.xtec.cat\/col-imma-lloret\/nascuts13\/oficis-infermera-odontoleg-i-electricista\/","title":{"rendered":"Oficis: Infermera, odont\u00f2leg i electricista"},"content":{"rendered":"<p>Avui hem pogut aprendre coses noves sobre tres oficis diferents. Han vingut a l&#8217;escola: la mare de la Martina que \u00e9s infermera d&#8217;urg\u00e8ncies, el pare d&#8217;en Julen que \u00e9s odont\u00f2leg i el pare de l&#8217;Oriol que ens ha parlat de diferents tipos d&#8217;electricitat. Tots tres oficis han estat molt interessants, moltes gr\u00e0cies a tots!<\/p>\n<p><a href=\"https:\/\/photos.app.goo.gl\/Bwi5cjnHeToKxxrF3\"><img loading=\"lazy\" decoding=\"async\" class=\"size-full wp-image-8869 aligncenter\" src=\"http:\/\/agora.xtec.cat\/col-imma-lloret\/wp-content\/uploads\/usu1420\/2018\/06\/cropped-oficis.jpg\" alt=\"\" width=\"940\" height=\"198\" srcset=\"https:\/\/agora.xtec.cat\/col-imma-lloret\/wp-content\/uploads\/usu1420\/2018\/06\/cropped-oficis.jpg 940w, https:\/\/agora.xtec.cat\/col-imma-lloret\/wp-content\/uploads\/usu1420\/2018\/06\/cropped-oficis-300x63.jpg 300w, https:\/\/agora.xtec.cat\/col-imma-lloret\/wp-content\/uploads\/usu1420\/2018\/06\/cropped-oficis-768x162.jpg 768w\" sizes=\"auto, (max-width: 940px) 100vw, 940px\" \/><\/a><\/p>\n","protected":false},"excerpt":{"rendered":"<p>Avui hem pogut aprendre coses noves sobre tres oficis diferents. Han vingut a l&#8217;escola: la mare de la Martina que \u00e9s infermera d&#8217;urg\u00e8ncies, el pare d&#8217;en Julen que \u00e9s odont\u00f2leg i el pare de l&#8217;Oriol que ens ha parlat de diferents tipos d&#8217;electricitat. Tots tres&hellip;  <a href=\"https:\/\/agora.xtec.cat\/col-imma-lloret\/nascuts13\/oficis-infermera-odontoleg-i-electricista\/\" title=\"Read Oficis: Infermera, odont\u00f2leg i electricista\">Llegeix m\u00e9s\u00bb<\/a><\/p>\n","protected":false},"author":1,"featured_media":8869,"comment_status":"closed","ping_status":"closed","sticky":false,"template":"","format":"standard","meta":{"_bbp_topic_count":0,"_bbp_reply_count":0,"_bbp_total_topic_count":0,"_bbp_total_reply_count":0,"_bbp_voice_count":0,"_bbp_anonymous_reply_count":0,"_bbp_topic_count_hidden":0,"_bbp_reply_count_hidden":0,"_bbp_forum_subforum_count":0,"footnotes":""},"categories":[218,116,113,173],"tags":[446,286,272],"class_list":["post-8868","post","type-post","status-publish","format-standard","has-post-thumbnail","hentry","category-2017-18","category-i4","category-nascuts13","category-proj","tag-curs-2017-2018","tag-p4","tag-projectes"],"post_mailing_queue_ids":[],"_links":{"self":[{"href":"https:\/\/agora.xtec.cat\/col-imma-lloret\/wp-json\/wp\/v2\/posts\/8868","targetHints":{"allow":["GET"]}}],"collection":[{"href":"https:\/\/agora.xtec.cat\/col-imma-lloret\/wp-json\/wp\/v2\/posts"}],"about":[{"href":"https:\/\/agora.xtec.cat\/col-imma-lloret\/wp-json\/wp\/v2\/types\/post"}],"author":[{"embeddable":true,"href":"https:\/\/agora.xtec.cat\/col-imma-lloret\/wp-json\/wp\/v2\/users\/1"}],"replies":[{"embeddable":true,"href":"https:\/\/agora.xtec.cat\/col-imma-lloret\/wp-json\/wp\/v2\/comments?post=8868"}],"version-history":[{"count":1,"href":"https:\/\/agora.xtec.cat\/col-imma-lloret\/wp-json\/wp\/v2\/posts\/8868\/revisions"}],"predecessor-version":[{"id":8870,"href":"https:\/\/agora.xtec.cat\/col-imma-lloret\/wp-json\/wp\/v2\/posts\/8868\/revisions\/8870"}],"wp:featuredmedia":[{"embeddable":true,"href":"https:\/\/agora.xtec.cat\/col-imma-lloret\/wp-json\/wp\/v2\/media\/8869"}],"wp:attachment":[{"href":"https:\/\/agora.xtec.cat\/col-imma-lloret\/wp-json\/wp\/v2\/media?parent=8868"}],"wp:term":[{"taxonomy":"category","embeddable":true,"href":"https:\/\/agora.xtec.cat\/col-imma-lloret\/wp-json\/wp\/v2\/categories?post=8868"},{"taxonomy":"post_tag","embeddable":true,"href":"https:\/\/agora.xtec.cat\/col-imma-lloret\/wp-json\/wp\/v2\/tags?post=8868"}],"curies":[{"name":"wp","href":"https:\/\/api.w.org\/{rel}","templated":true}]}}