{"id":8692,"date":"2018-05-20T22:45:26","date_gmt":"2018-05-20T20:45:26","guid":{"rendered":"http:\/\/agora.xtec.cat\/col-imma-lloret\/?p=8692"},"modified":"2021-09-08T00:50:54","modified_gmt":"2021-09-07T22:50:54","slug":"setmana-de-les-mates-10","status":"publish","type":"post","link":"https:\/\/agora.xtec.cat\/col-imma-lloret\/infantil-primaria\/primaria\/5e-primaria\/setmana-de-les-mates-10\/","title":{"rendered":"Setmana de les Mates"},"content":{"rendered":"<p>Els nois i noies de 5\u00e8 han gaudit de l&#8217; Exposici\u00f3 que cada any ens ofereix la srta. Ceci a la Setmana de les Mates i\u00a0 veure la import\u00e0ncia de les matem\u00e0tiques a la nostra vida. Vam fer fotos a la Fira i a l&#8217;exposici\u00f3&#8230;<\/p>\n<p><a href=\"https:\/\/photos.app.goo.gl\/Ol86CEwoSlG5mFT63\"><img loading=\"lazy\" decoding=\"async\" class=\"alignnone size-large wp-image-8516\" src=\"http:\/\/agora.xtec.cat\/col-imma-lloret\/wp-content\/uploads\/usu1420\/2018\/05\/mates-958x1024.jpg\" alt=\"\" width=\"958\" height=\"1024\" \/><\/a><\/p>\n","protected":false},"excerpt":{"rendered":"<p>Els nois i noies de 5\u00e8 han gaudit de l&#8217; Exposici\u00f3 que cada any ens ofereix la srta. Ceci a la Setmana de les Mates i\u00a0 veure la import\u00e0ncia de les matem\u00e0tiques a la nostra vida. Vam fer fotos a la Fira i a l&#8217;exposici\u00f3&#8230;<br \/>\n<a&hellip;  <a href=\"https:\/\/agora.xtec.cat\/col-imma-lloret\/infantil-primaria\/primaria\/5e-primaria\/setmana-de-les-mates-10\/\" title=\"Read Setmana de les Mates\">Llegeix m\u00e9s\u00bb<\/a><\/p>\n","protected":false},"author":1,"featured_media":8516,"comment_status":"open","ping_status":"closed","sticky":false,"template":"","format":"standard","meta":{"_bbp_topic_count":0,"_bbp_reply_count":0,"_bbp_total_topic_count":0,"_bbp_total_reply_count":0,"_bbp_voice_count":0,"_bbp_anonymous_reply_count":0,"_bbp_topic_count_hidden":0,"_bbp_reply_count_hidden":0,"_bbp_forum_subforum_count":0,"footnotes":""},"categories":[218,136],"tags":[],"class_list":["post-8692","post","type-post","status-publish","format-standard","has-post-thumbnail","hentry","category-2017-18","category-5e-primaria"],"post_mailing_queue_ids":[],"_links":{"self":[{"href":"https:\/\/agora.xtec.cat\/col-imma-lloret\/wp-json\/wp\/v2\/posts\/8692","targetHints":{"allow":["GET"]}}],"collection":[{"href":"https:\/\/agora.xtec.cat\/col-imma-lloret\/wp-json\/wp\/v2\/posts"}],"about":[{"href":"https:\/\/agora.xtec.cat\/col-imma-lloret\/wp-json\/wp\/v2\/types\/post"}],"author":[{"embeddable":true,"href":"https:\/\/agora.xtec.cat\/col-imma-lloret\/wp-json\/wp\/v2\/users\/1"}],"replies":[{"embeddable":true,"href":"https:\/\/agora.xtec.cat\/col-imma-lloret\/wp-json\/wp\/v2\/comments?post=8692"}],"version-history":[{"count":1,"href":"https:\/\/agora.xtec.cat\/col-imma-lloret\/wp-json\/wp\/v2\/posts\/8692\/revisions"}],"predecessor-version":[{"id":8693,"href":"https:\/\/agora.xtec.cat\/col-imma-lloret\/wp-json\/wp\/v2\/posts\/8692\/revisions\/8693"}],"wp:featuredmedia":[{"embeddable":true,"href":"https:\/\/agora.xtec.cat\/col-imma-lloret\/wp-json\/wp\/v2\/media\/8516"}],"wp:attachment":[{"href":"https:\/\/agora.xtec.cat\/col-imma-lloret\/wp-json\/wp\/v2\/media?parent=8692"}],"wp:term":[{"taxonomy":"category","embeddable":true,"href":"https:\/\/agora.xtec.cat\/col-imma-lloret\/wp-json\/wp\/v2\/categories?post=8692"},{"taxonomy":"post_tag","embeddable":true,"href":"https:\/\/agora.xtec.cat\/col-imma-lloret\/wp-json\/wp\/v2\/tags?post=8692"}],"curies":[{"name":"wp","href":"https:\/\/api.w.org\/{rel}","templated":true}]}}