{"id":8642,"date":"2018-05-17T18:12:17","date_gmt":"2018-05-17T16:12:17","guid":{"rendered":"http:\/\/agora.xtec.cat\/col-imma-lloret\/?p=8642"},"modified":"2018-05-19T18:26:35","modified_gmt":"2018-05-19T16:26:35","slug":"visitem-lexposicio-de-jocs-de-la-setmana-de-les-mates","status":"publish","type":"post","link":"https:\/\/agora.xtec.cat\/col-imma-lloret\/portada\/visitem-lexposicio-de-jocs-de-la-setmana-de-les-mates\/","title":{"rendered":"Visitem l&#8217;exposici\u00f3 de jocs de la Setmana de les Mates"},"content":{"rendered":"<p>Cadasc\u00fa porta anotat el n\u00famero de la matr\u00edcula del seu cotxe i despr\u00e9s de fer-ne la suma de totes les xifres el posem al calaixet corresponent. Un cop tothom l&#8217;hi posi comprovarem a quin calaixet n&#8217;hi ha m\u00e9s.<\/p>\n<p>Despr\u00e9s la Ceci ens explica algunes mesures de capacitat i proposa que tots portem escrit quants m3 hi caben a la piscina o la banyera de casa.<\/p>\n<p>&nbsp;<\/p>\n<p><a href=\"https:\/\/photos.app.goo.gl\/pp2jVw59hzbFnn5M2\"><img loading=\"lazy\" decoding=\"async\" class=\"alignnone size-large wp-image-8643\" src=\"http:\/\/agora.xtec.cat\/col-imma-lloret\/wp-content\/uploads\/usu1420\/2018\/05\/IMG_2967-1024x768.jpeg\" alt=\"\" width=\"1024\" height=\"768\" srcset=\"https:\/\/agora.xtec.cat\/col-imma-lloret\/wp-content\/uploads\/usu1420\/2018\/05\/IMG_2967-1024x768.jpeg 1024w, https:\/\/agora.xtec.cat\/col-imma-lloret\/wp-content\/uploads\/usu1420\/2018\/05\/IMG_2967-300x225.jpeg 300w, https:\/\/agora.xtec.cat\/col-imma-lloret\/wp-content\/uploads\/usu1420\/2018\/05\/IMG_2967-768x576.jpeg 768w, https:\/\/agora.xtec.cat\/col-imma-lloret\/wp-content\/uploads\/usu1420\/2018\/05\/IMG_2967-200x150.jpeg 200w\" sizes=\"auto, (max-width: 1024px) 100vw, 1024px\" \/><\/a><\/p>\n","protected":false},"excerpt":{"rendered":"<p>Cadasc\u00fa porta anotat el n\u00famero de la matr\u00edcula del seu cotxe i despr\u00e9s de fer-ne la suma de totes les xifres el posem al calaixet corresponent. Un cop tothom l&#8217;hi posi comprovarem a quin calaixet n&#8217;hi ha m\u00e9s.<br \/>\nDespr\u00e9s la Ceci ens explica algunes mesures de&hellip;  <a href=\"https:\/\/agora.xtec.cat\/col-imma-lloret\/portada\/visitem-lexposicio-de-jocs-de-la-setmana-de-les-mates\/\" title=\"Read Visitem l&#8217;exposici\u00f3 de jocs de la Setmana de les Mates\">Llegeix m\u00e9s\u00bb<\/a><\/p>\n","protected":false},"author":1,"featured_media":8643,"comment_status":"closed","ping_status":"closed","sticky":false,"template":"","format":"standard","meta":{"_bbp_topic_count":0,"_bbp_reply_count":0,"_bbp_total_topic_count":0,"_bbp_total_reply_count":0,"_bbp_voice_count":0,"_bbp_anonymous_reply_count":0,"_bbp_topic_count_hidden":0,"_bbp_reply_count_hidden":0,"_bbp_forum_subforum_count":0,"footnotes":""},"categories":[127,218,118,29],"tags":[478],"class_list":["post-8642","post","type-post","status-publish","format-standard","has-post-thumbnail","hentry","category-1r-primaria","category-2017-18","category-nascuts11","category-portada","tag-setmana-de-les-matematiques"],"post_mailing_queue_ids":[],"_links":{"self":[{"href":"https:\/\/agora.xtec.cat\/col-imma-lloret\/wp-json\/wp\/v2\/posts\/8642","targetHints":{"allow":["GET"]}}],"collection":[{"href":"https:\/\/agora.xtec.cat\/col-imma-lloret\/wp-json\/wp\/v2\/posts"}],"about":[{"href":"https:\/\/agora.xtec.cat\/col-imma-lloret\/wp-json\/wp\/v2\/types\/post"}],"author":[{"embeddable":true,"href":"https:\/\/agora.xtec.cat\/col-imma-lloret\/wp-json\/wp\/v2\/users\/1"}],"replies":[{"embeddable":true,"href":"https:\/\/agora.xtec.cat\/col-imma-lloret\/wp-json\/wp\/v2\/comments?post=8642"}],"version-history":[{"count":2,"href":"https:\/\/agora.xtec.cat\/col-imma-lloret\/wp-json\/wp\/v2\/posts\/8642\/revisions"}],"predecessor-version":[{"id":8646,"href":"https:\/\/agora.xtec.cat\/col-imma-lloret\/wp-json\/wp\/v2\/posts\/8642\/revisions\/8646"}],"wp:featuredmedia":[{"embeddable":true,"href":"https:\/\/agora.xtec.cat\/col-imma-lloret\/wp-json\/wp\/v2\/media\/8643"}],"wp:attachment":[{"href":"https:\/\/agora.xtec.cat\/col-imma-lloret\/wp-json\/wp\/v2\/media?parent=8642"}],"wp:term":[{"taxonomy":"category","embeddable":true,"href":"https:\/\/agora.xtec.cat\/col-imma-lloret\/wp-json\/wp\/v2\/categories?post=8642"},{"taxonomy":"post_tag","embeddable":true,"href":"https:\/\/agora.xtec.cat\/col-imma-lloret\/wp-json\/wp\/v2\/tags?post=8642"}],"curies":[{"name":"wp","href":"https:\/\/api.w.org\/{rel}","templated":true}]}}