{"id":8402,"date":"2018-05-04T11:07:16","date_gmt":"2018-05-04T09:07:16","guid":{"rendered":"http:\/\/agora.xtec.cat\/col-imma-lloret\/?p=8402"},"modified":"2018-05-05T12:38:44","modified_gmt":"2018-05-05T10:38:44","slug":"projecte-el-pa-ja-tenim-el-pa-cuit","status":"publish","type":"post","link":"https:\/\/agora.xtec.cat\/col-imma-lloret\/portada\/projecte-el-pa-ja-tenim-el-pa-cuit\/","title":{"rendered":"Projecte &#8220;el pa&#8221;. Ja tenim el pa cuit"},"content":{"rendered":"<p>Avui al mat\u00ed hem portat el pa cuit de casa. N&#8217;hem observat resultats molt diferents, per\u00f2 no han quedat ben b\u00e9 com pens\u00e0vem&#8230; Ara veiem la import\u00e0ncia de seguir unes mesures a l&#8217;hora de posar els ingredients!<\/p>\n<p>Aix\u00ed que el pr\u00f2xim dia de projecte haurem de fer els c\u00e0lculs per mesurar els kilos i litres dels ingredients necessaris. Sort que ja sabem multiplicar! Haurem de calcular molt b\u00e9 perqu\u00e8 tots els companys de la classe puguem berenar &#8220;pa amb xocolata&#8221;!<\/p>\n<p><a href=\"https:\/\/photos.app.goo.gl\/aUES12p1SBNVAozq5\"><img loading=\"lazy\" decoding=\"async\" class=\"alignnone wp-image-8403 size-large\" src=\"http:\/\/agora.xtec.cat\/col-imma-lloret\/wp-content\/uploads\/usu1420\/2018\/05\/20180504_090343-549x1024.jpg\" alt=\"\" width=\"549\" height=\"1024\" srcset=\"https:\/\/agora.xtec.cat\/col-imma-lloret\/wp-content\/uploads\/usu1420\/2018\/05\/20180504_090343-549x1024.jpg 549w, https:\/\/agora.xtec.cat\/col-imma-lloret\/wp-content\/uploads\/usu1420\/2018\/05\/20180504_090343-161x300.jpg 161w, https:\/\/agora.xtec.cat\/col-imma-lloret\/wp-content\/uploads\/usu1420\/2018\/05\/20180504_090343-768x1433.jpg 768w, https:\/\/agora.xtec.cat\/col-imma-lloret\/wp-content\/uploads\/usu1420\/2018\/05\/20180504_090343.jpg 1306w\" sizes=\"auto, (max-width: 549px) 100vw, 549px\" \/><\/a><\/p>\n<p>Cliqueu la foto per veure&#8217;n m\u00e9s<\/p>\n","protected":false},"excerpt":{"rendered":"<p>Projecte &#8220;el pa&#8221;. Ja tenim el pa cuit&hellip;  <a href=\"https:\/\/agora.xtec.cat\/col-imma-lloret\/portada\/projecte-el-pa-ja-tenim-el-pa-cuit\/\" title=\"Read Projecte &#8220;el pa&#8221;. Ja tenim el pa cuit\">Llegeix m\u00e9s\u00bb<\/a><\/p>\n","protected":false},"author":1,"featured_media":8403,"comment_status":"open","ping_status":"closed","sticky":false,"template":"","format":"standard","meta":{"_bbp_topic_count":0,"_bbp_reply_count":0,"_bbp_total_topic_count":0,"_bbp_total_reply_count":0,"_bbp_voice_count":0,"_bbp_anonymous_reply_count":0,"_bbp_topic_count_hidden":0,"_bbp_reply_count_hidden":0,"_bbp_forum_subforum_count":0,"footnotes":""},"categories":[218,130,126,29],"tags":[],"class_list":["post-8402","post","type-post","status-publish","format-standard","has-post-thumbnail","hentry","category-2017-18","category-2n-primaria","category-nascuts-2010","category-portada"],"post_mailing_queue_ids":[],"_links":{"self":[{"href":"https:\/\/agora.xtec.cat\/col-imma-lloret\/wp-json\/wp\/v2\/posts\/8402","targetHints":{"allow":["GET"]}}],"collection":[{"href":"https:\/\/agora.xtec.cat\/col-imma-lloret\/wp-json\/wp\/v2\/posts"}],"about":[{"href":"https:\/\/agora.xtec.cat\/col-imma-lloret\/wp-json\/wp\/v2\/types\/post"}],"author":[{"embeddable":true,"href":"https:\/\/agora.xtec.cat\/col-imma-lloret\/wp-json\/wp\/v2\/users\/1"}],"replies":[{"embeddable":true,"href":"https:\/\/agora.xtec.cat\/col-imma-lloret\/wp-json\/wp\/v2\/comments?post=8402"}],"version-history":[{"count":2,"href":"https:\/\/agora.xtec.cat\/col-imma-lloret\/wp-json\/wp\/v2\/posts\/8402\/revisions"}],"predecessor-version":[{"id":8410,"href":"https:\/\/agora.xtec.cat\/col-imma-lloret\/wp-json\/wp\/v2\/posts\/8402\/revisions\/8410"}],"wp:featuredmedia":[{"embeddable":true,"href":"https:\/\/agora.xtec.cat\/col-imma-lloret\/wp-json\/wp\/v2\/media\/8403"}],"wp:attachment":[{"href":"https:\/\/agora.xtec.cat\/col-imma-lloret\/wp-json\/wp\/v2\/media?parent=8402"}],"wp:term":[{"taxonomy":"category","embeddable":true,"href":"https:\/\/agora.xtec.cat\/col-imma-lloret\/wp-json\/wp\/v2\/categories?post=8402"},{"taxonomy":"post_tag","embeddable":true,"href":"https:\/\/agora.xtec.cat\/col-imma-lloret\/wp-json\/wp\/v2\/tags?post=8402"}],"curies":[{"name":"wp","href":"https:\/\/api.w.org\/{rel}","templated":true}]}}