{"id":7336,"date":"2017-12-15T21:30:26","date_gmt":"2017-12-15T20:30:26","guid":{"rendered":"http:\/\/agora.xtec.cat\/col-imma-lloret\/?p=7336"},"modified":"2021-09-08T00:01:11","modified_gmt":"2021-09-07T22:01:11","slug":"participem-a-la-marato-de-tv3-2","status":"publish","type":"post","link":"https:\/\/agora.xtec.cat\/col-imma-lloret\/infantil-primaria\/primaria\/participem-a-la-marato-de-tv3-2\/","title":{"rendered":"Participem a la Marat\u00f3 de tv3"},"content":{"rendered":"<p>Els nostres companys de 4art d&#8217;ESO ens han ajudat a fer grues de papiroflexia per participar a la Marat\u00f3 de tv3. Moltes gr\u00e0cies als alumnes de 4art i a totes les fam\u00edlies que heu participat fent els origamis!<\/p>\n<p><a href=\"https:\/\/photos.app.goo.gl\/DCZnMzw0TMUJqCLO2\"><img loading=\"lazy\" decoding=\"async\" class=\"alignnone wp-image-7338 size-full\" src=\"http:\/\/agora.xtec.cat\/col-imma-lloret\/wp-content\/uploads\/usu1420\/2018\/01\/Marat\u00f3-TV3.jpg\" alt=\"\" width=\"934\" height=\"373\" srcset=\"https:\/\/agora.xtec.cat\/col-imma-lloret\/wp-content\/uploads\/usu1420\/2018\/01\/Marat\u00f3-TV3.jpg 934w, https:\/\/agora.xtec.cat\/col-imma-lloret\/wp-content\/uploads\/usu1420\/2018\/01\/Marat\u00f3-TV3-300x120.jpg 300w, https:\/\/agora.xtec.cat\/col-imma-lloret\/wp-content\/uploads\/usu1420\/2018\/01\/Marat\u00f3-TV3-768x307.jpg 768w\" sizes=\"auto, (max-width: 934px) 100vw, 934px\" \/><\/a><\/p>\n<p>Cliqueu la imatge per veure les fotos<\/p>\n","protected":false},"excerpt":{"rendered":"<p>Participem a la Marat\u00f3 de tv3&hellip;  <a href=\"https:\/\/agora.xtec.cat\/col-imma-lloret\/infantil-primaria\/primaria\/participem-a-la-marato-de-tv3-2\/\" title=\"Read Participem a la Marat\u00f3 de tv3\">Llegeix m\u00e9s\u00bb<\/a><\/p>\n","protected":false},"author":1,"featured_media":7338,"comment_status":"open","ping_status":"closed","sticky":false,"template":"","format":"standard","meta":{"_bbp_topic_count":0,"_bbp_reply_count":0,"_bbp_total_topic_count":0,"_bbp_total_reply_count":0,"_bbp_voice_count":0,"_bbp_anonymous_reply_count":0,"_bbp_topic_count_hidden":0,"_bbp_reply_count_hidden":0,"_bbp_forum_subforum_count":0,"footnotes":""},"categories":[218,130,189,126,103],"tags":[],"class_list":["post-7336","post","type-post","status-publish","format-standard","has-post-thumbnail","hentry","category-2017-18","category-2n-primaria","category-marato","category-nascuts-2010","category-primaria"],"post_mailing_queue_ids":[],"_links":{"self":[{"href":"https:\/\/agora.xtec.cat\/col-imma-lloret\/wp-json\/wp\/v2\/posts\/7336","targetHints":{"allow":["GET"]}}],"collection":[{"href":"https:\/\/agora.xtec.cat\/col-imma-lloret\/wp-json\/wp\/v2\/posts"}],"about":[{"href":"https:\/\/agora.xtec.cat\/col-imma-lloret\/wp-json\/wp\/v2\/types\/post"}],"author":[{"embeddable":true,"href":"https:\/\/agora.xtec.cat\/col-imma-lloret\/wp-json\/wp\/v2\/users\/1"}],"replies":[{"embeddable":true,"href":"https:\/\/agora.xtec.cat\/col-imma-lloret\/wp-json\/wp\/v2\/comments?post=7336"}],"version-history":[{"count":1,"href":"https:\/\/agora.xtec.cat\/col-imma-lloret\/wp-json\/wp\/v2\/posts\/7336\/revisions"}],"predecessor-version":[{"id":7339,"href":"https:\/\/agora.xtec.cat\/col-imma-lloret\/wp-json\/wp\/v2\/posts\/7336\/revisions\/7339"}],"wp:featuredmedia":[{"embeddable":true,"href":"https:\/\/agora.xtec.cat\/col-imma-lloret\/wp-json\/wp\/v2\/media\/7338"}],"wp:attachment":[{"href":"https:\/\/agora.xtec.cat\/col-imma-lloret\/wp-json\/wp\/v2\/media?parent=7336"}],"wp:term":[{"taxonomy":"category","embeddable":true,"href":"https:\/\/agora.xtec.cat\/col-imma-lloret\/wp-json\/wp\/v2\/categories?post=7336"},{"taxonomy":"post_tag","embeddable":true,"href":"https:\/\/agora.xtec.cat\/col-imma-lloret\/wp-json\/wp\/v2\/tags?post=7336"}],"curies":[{"name":"wp","href":"https:\/\/api.w.org\/{rel}","templated":true}]}}