{"id":7262,"date":"2018-01-24T15:44:33","date_gmt":"2018-01-24T14:44:33","guid":{"rendered":"http:\/\/agora.xtec.cat\/col-imma-lloret\/?p=7262"},"modified":"2018-01-24T15:45:30","modified_gmt":"2018-01-24T14:45:30","slug":"entrevista-a-la-radio","status":"publish","type":"post","link":"https:\/\/agora.xtec.cat\/col-imma-lloret\/nascuts-2007\/entrevista-a-la-radio\/","title":{"rendered":"Entrevista a la r\u00e0dio"},"content":{"rendered":"<p>Ahir dimarts 23 de gener vam participar a la inauguraci\u00f3 de l&#8217;exposici\u00f3\u00a0<strong><em>Imatges que inspiren\u00a0<\/em><\/strong>l\u2019exposici\u00f3 que mostra les creacions dels alumnes de 5\u00e8 de Lloret de Mar a partir de les imatges del concurs\u00a0Montphoto i van entrevistar la Mariona, la Itziar i la Lara! Us deixem l&#8217;audio per si les voleu sentir.<\/p>\n<!--[if lt IE 9]><script>document.createElement('audio');<\/script><![endif]-->\n<audio class=\"wp-audio-shortcode\" id=\"audio-7262-1\" preload=\"none\" style=\"width: 100%;\" controls=\"controls\"><source type=\"audio\/mpeg\" src=\"http:\/\/agora.xtec.cat\/col-imma-lloret\/wp-content\/uploads\/usu1420\/2018\/01\/24012018-alumnes-jordi-sais-joan-delamalla-exposicio.mp3?_=1\" \/><a href=\"http:\/\/agora.xtec.cat\/col-imma-lloret\/wp-content\/uploads\/usu1420\/2018\/01\/24012018-alumnes-jordi-sais-joan-delamalla-exposicio.mp3\">http:\/\/agora.xtec.cat\/col-imma-lloret\/wp-content\/uploads\/usu1420\/2018\/01\/24012018-alumnes-jordi-sais-joan-delamalla-exposicio.mp3<\/a><\/audio>\n<p>Per a m\u00e9s informaci\u00f3, trobareu la not\u00edcia sencera al seg\u00fcent link:<\/p>\n<blockquote class=\"wp-embedded-content\" data-secret=\"yaTEfMolvN\"><p><a href=\"https:\/\/www.novaradiolloret.org\/projecte-transmetre-als-joves-estudiants-importancia-proteccio-medi-ambient\/\">Un projecte per transmetre als joves estudiants la import\u00e0ncia de la protecci\u00f3 del medi ambient<\/a><\/p><\/blockquote>\n<p><iframe loading=\"lazy\" class=\"wp-embedded-content\" sandbox=\"allow-scripts\" security=\"restricted\" style=\"position: absolute; clip: rect(1px, 1px, 1px, 1px);\" title=\"&#8220;Un projecte per transmetre als joves estudiants la import\u00e0ncia de la protecci\u00f3 del medi ambient&#8221; &#8212; Nova R\u00e0dio Lloret\" src=\"https:\/\/www.novaradiolloret.org\/projecte-transmetre-als-joves-estudiants-importancia-proteccio-medi-ambient\/embed\/#?secret=I4ZWD3xZwz#?secret=yaTEfMolvN\" data-secret=\"yaTEfMolvN\" width=\"500\" height=\"282\" frameborder=\"0\" marginwidth=\"0\" marginheight=\"0\" scrolling=\"no\"><\/iframe><\/p>\n","protected":false},"excerpt":{"rendered":"<p>Ahir dimarts 23 de gener vam participar a la inauguraci\u00f3 de l&#8217;exposici\u00f3\u00a0Imatges que inspiren\u00a0l\u2019exposici\u00f3 que mostra les creacions dels alumnes de 5\u00e8 de Lloret de Mar a partir de les imatges del concurs\u00a0Montphoto i van entrevistar la Mariona, la Itziar i la Lara! Us deixem&hellip;  <a href=\"https:\/\/agora.xtec.cat\/col-imma-lloret\/nascuts-2007\/entrevista-a-la-radio\/\" title=\"Read Entrevista a la r\u00e0dio\">Llegeix m\u00e9s\u00bb<\/a><\/p>\n","protected":false},"author":1,"featured_media":0,"comment_status":"open","ping_status":"closed","sticky":false,"template":"","format":"standard","meta":{"_bbp_topic_count":0,"_bbp_reply_count":0,"_bbp_total_topic_count":0,"_bbp_total_reply_count":0,"_bbp_voice_count":0,"_bbp_anonymous_reply_count":0,"_bbp_topic_count_hidden":0,"_bbp_reply_count_hidden":0,"_bbp_forum_subforum_count":0,"footnotes":""},"categories":[218,136,135],"tags":[],"class_list":["post-7262","post","type-post","status-publish","format-standard","hentry","category-2017-18","category-5e-primaria","category-nascuts-2007"],"post_mailing_queue_ids":[],"_links":{"self":[{"href":"https:\/\/agora.xtec.cat\/col-imma-lloret\/wp-json\/wp\/v2\/posts\/7262","targetHints":{"allow":["GET"]}}],"collection":[{"href":"https:\/\/agora.xtec.cat\/col-imma-lloret\/wp-json\/wp\/v2\/posts"}],"about":[{"href":"https:\/\/agora.xtec.cat\/col-imma-lloret\/wp-json\/wp\/v2\/types\/post"}],"author":[{"embeddable":true,"href":"https:\/\/agora.xtec.cat\/col-imma-lloret\/wp-json\/wp\/v2\/users\/1"}],"replies":[{"embeddable":true,"href":"https:\/\/agora.xtec.cat\/col-imma-lloret\/wp-json\/wp\/v2\/comments?post=7262"}],"version-history":[{"count":1,"href":"https:\/\/agora.xtec.cat\/col-imma-lloret\/wp-json\/wp\/v2\/posts\/7262\/revisions"}],"predecessor-version":[{"id":7264,"href":"https:\/\/agora.xtec.cat\/col-imma-lloret\/wp-json\/wp\/v2\/posts\/7262\/revisions\/7264"}],"wp:attachment":[{"href":"https:\/\/agora.xtec.cat\/col-imma-lloret\/wp-json\/wp\/v2\/media?parent=7262"}],"wp:term":[{"taxonomy":"category","embeddable":true,"href":"https:\/\/agora.xtec.cat\/col-imma-lloret\/wp-json\/wp\/v2\/categories?post=7262"},{"taxonomy":"post_tag","embeddable":true,"href":"https:\/\/agora.xtec.cat\/col-imma-lloret\/wp-json\/wp\/v2\/tags?post=7262"}],"curies":[{"name":"wp","href":"https:\/\/api.w.org\/{rel}","templated":true}]}}