{"id":7076,"date":"2018-01-10T13:02:13","date_gmt":"2018-01-10T12:02:13","guid":{"rendered":"http:\/\/agora.xtec.cat\/col-imma-lloret\/?p=7076"},"modified":"2018-01-10T13:03:20","modified_gmt":"2018-01-10T12:03:20","slug":"entrem-al-segon-trimestre","status":"publish","type":"post","link":"https:\/\/agora.xtec.cat\/col-imma-lloret\/infantil-primaria\/infantil\/entrem-al-segon-trimestre\/","title":{"rendered":"Entrem al segon trimestre!"},"content":{"rendered":"<p>Ja ha passat un trimestre i tots ens hem adaptat. Hem treballat ja moltes coses i ara hem de continuar!<\/p>\n<p>Voleu saber qu\u00e8 farem?<\/p>\n<p>Hem comen\u00e7at treballant<strong> &#8220;Els tres porquets&#8221;,<\/strong> un conte que ens ajudar\u00e0 a treballar tot el que fa refer\u00e8ncia a la llengua.<\/p>\n<p>Investigarem i jugarem per aprendre coses dels <strong>cossos s\u00f2lids.<\/strong><\/p>\n<p>Farem un gran projecte<strong> &#8220;La granja&#8221;<\/strong> i estar\u00e0 relacionat amb totes les \u00e0rees.<\/p>\n<p><strong>Carnaval<\/strong>, que com ja sabeu estar\u00e0 relacionat amb el cinema. Farem tallers com el maquillatge, els decorats, trucs de les filmacions,&#8230;. i acabarem tots disfressant-nos d&#8217;alg\u00fan personatge relacionat amb la pel\u00b7l\u00edcula &#8220;Merl\u00ed, l&#8217;encantador&#8221;. Ser\u00e0 un projecte que es treballar\u00e0 fins a prim\u00e0ria.<\/p>\n<p><strong>El protagonista<\/strong>. Recordeu que els vostres fills us esperen a l&#8217;aula perqu\u00e8 ens expliqueu com \u00e9s el vostre fill, qu\u00e8 li agrada menjar, fer,&#8230;Demaneu hora a la mestra!<\/p>\n<p>Comen\u00e7arem a fer <strong>taller d&#8217;art<\/strong> tots els divendres barrejant nens de P-3, P-4 i P-5.<\/p>\n<p>I celebrarem l&#8217;<strong>English week.<\/strong> Ja estem preparant una canc\u00f3 que estareu convidat venir a escoltar.<\/p>\n<p>Tot aix\u00f2 i moltes coses m\u00e9s ens esperen. Amb la vostra ajuda tot anir\u00e0 super b\u00e9.<\/p>\n<p>ENDAVANT!<\/p>\n<p>&nbsp;<\/p>\n","protected":false},"excerpt":{"rendered":"<p>Entrem al segon trimestre!&hellip;  <a href=\"https:\/\/agora.xtec.cat\/col-imma-lloret\/infantil-primaria\/infantil\/entrem-al-segon-trimestre\/\" title=\"Read Entrem al segon trimestre!\">Llegeix m\u00e9s\u00bb<\/a><\/p>\n","protected":false},"author":1,"featured_media":6785,"comment_status":"open","ping_status":"closed","sticky":false,"template":"","format":"standard","meta":{"_bbp_topic_count":0,"_bbp_reply_count":0,"_bbp_total_topic_count":0,"_bbp_total_reply_count":0,"_bbp_voice_count":0,"_bbp_anonymous_reply_count":0,"_bbp_topic_count_hidden":0,"_bbp_reply_count_hidden":0,"_bbp_forum_subforum_count":0,"footnotes":""},"categories":[218,114,99,263],"tags":[],"class_list":["post-7076","post","type-post","status-publish","format-standard","has-post-thumbnail","hentry","category-2017-18","category-i3","category-infantil","category-nascuts14"],"post_mailing_queue_ids":[],"_links":{"self":[{"href":"https:\/\/agora.xtec.cat\/col-imma-lloret\/wp-json\/wp\/v2\/posts\/7076","targetHints":{"allow":["GET"]}}],"collection":[{"href":"https:\/\/agora.xtec.cat\/col-imma-lloret\/wp-json\/wp\/v2\/posts"}],"about":[{"href":"https:\/\/agora.xtec.cat\/col-imma-lloret\/wp-json\/wp\/v2\/types\/post"}],"author":[{"embeddable":true,"href":"https:\/\/agora.xtec.cat\/col-imma-lloret\/wp-json\/wp\/v2\/users\/1"}],"replies":[{"embeddable":true,"href":"https:\/\/agora.xtec.cat\/col-imma-lloret\/wp-json\/wp\/v2\/comments?post=7076"}],"version-history":[{"count":1,"href":"https:\/\/agora.xtec.cat\/col-imma-lloret\/wp-json\/wp\/v2\/posts\/7076\/revisions"}],"predecessor-version":[{"id":7077,"href":"https:\/\/agora.xtec.cat\/col-imma-lloret\/wp-json\/wp\/v2\/posts\/7076\/revisions\/7077"}],"wp:featuredmedia":[{"embeddable":true,"href":"https:\/\/agora.xtec.cat\/col-imma-lloret\/wp-json\/wp\/v2\/media\/6785"}],"wp:attachment":[{"href":"https:\/\/agora.xtec.cat\/col-imma-lloret\/wp-json\/wp\/v2\/media?parent=7076"}],"wp:term":[{"taxonomy":"category","embeddable":true,"href":"https:\/\/agora.xtec.cat\/col-imma-lloret\/wp-json\/wp\/v2\/categories?post=7076"},{"taxonomy":"post_tag","embeddable":true,"href":"https:\/\/agora.xtec.cat\/col-imma-lloret\/wp-json\/wp\/v2\/tags?post=7076"}],"curies":[{"name":"wp","href":"https:\/\/api.w.org\/{rel}","templated":true}]}}