{"id":5964,"date":"2017-10-31T17:05:24","date_gmt":"2017-10-31T16:05:24","guid":{"rendered":"http:\/\/agora.xtec.cat\/col-imma-lloret\/?p=5964"},"modified":"2017-11-19T21:26:07","modified_gmt":"2017-11-19T20:26:07","slug":"excursio-al-camp-de-ramio","status":"publish","type":"post","link":"https:\/\/agora.xtec.cat\/col-imma-lloret\/infantil-primaria\/infantil\/excursio-al-camp-de-ramio\/","title":{"rendered":"Excursi\u00f3 al Camp de Rami\u00f3"},"content":{"rendered":"<p>Avui hem anat d&#8217;excursi\u00f3 amb tots els nostres companys per celebrar la castanyada i gaudir d&#8217;un dia de tardor a la muntanya. Ens ho hem passat genial passejant pel bosc, escoltant el conte de la Maria castanyeta, fent la titella de la castanyera, jugant molt i menjant castanyes. Ha sigut un dia genial!<\/p>\n<p>Per veure les fotos heu de clicar a la seg\u00fcent imatge.<\/p>\n<p><a href=\"https:\/\/photos.app.goo.gl\/nFD7Ymyw25UW0PZp1\"><img loading=\"lazy\" decoding=\"async\" class=\"wp-image-5965 aligncenter\" src=\"http:\/\/agora.xtec.cat\/col-imma-lloret\/wp-content\/uploads\/usu1420\/2017\/11\/castanyes.jpg\" alt=\"\" width=\"318\" height=\"187\" srcset=\"https:\/\/agora.xtec.cat\/col-imma-lloret\/wp-content\/uploads\/usu1420\/2017\/11\/castanyes.jpg 800w, https:\/\/agora.xtec.cat\/col-imma-lloret\/wp-content\/uploads\/usu1420\/2017\/11\/castanyes-300x177.jpg 300w, https:\/\/agora.xtec.cat\/col-imma-lloret\/wp-content\/uploads\/usu1420\/2017\/11\/castanyes-768x452.jpg 768w\" sizes=\"auto, (max-width: 318px) 100vw, 318px\" \/><\/a><\/p>\n","protected":false},"excerpt":{"rendered":"<p>Avui hem anat d&#8217;excursi\u00f3 amb tots els nostres companys per celebrar la castanyada &hellip;  <a href=\"https:\/\/agora.xtec.cat\/col-imma-lloret\/infantil-primaria\/infantil\/excursio-al-camp-de-ramio\/\" title=\"Read Excursi\u00f3 al Camp de Rami\u00f3\">Llegeix m\u00e9s\u00bb<\/a><\/p>\n","protected":false},"author":1,"featured_media":5965,"comment_status":"open","ping_status":"closed","sticky":false,"template":"","format":"standard","meta":{"_bbp_topic_count":0,"_bbp_reply_count":0,"_bbp_total_topic_count":0,"_bbp_total_reply_count":0,"_bbp_voice_count":0,"_bbp_anonymous_reply_count":0,"_bbp_topic_count_hidden":0,"_bbp_reply_count_hidden":0,"_bbp_forum_subforum_count":0,"footnotes":""},"categories":[218,116,99,113],"tags":[342,370],"class_list":["post-5964","post","type-post","status-publish","format-standard","has-post-thumbnail","hentry","category-2017-18","category-i4","category-infantil","category-nascuts13","tag-excursio","tag-festes-i-celebracions"],"post_mailing_queue_ids":[],"_links":{"self":[{"href":"https:\/\/agora.xtec.cat\/col-imma-lloret\/wp-json\/wp\/v2\/posts\/5964","targetHints":{"allow":["GET"]}}],"collection":[{"href":"https:\/\/agora.xtec.cat\/col-imma-lloret\/wp-json\/wp\/v2\/posts"}],"about":[{"href":"https:\/\/agora.xtec.cat\/col-imma-lloret\/wp-json\/wp\/v2\/types\/post"}],"author":[{"embeddable":true,"href":"https:\/\/agora.xtec.cat\/col-imma-lloret\/wp-json\/wp\/v2\/users\/1"}],"replies":[{"embeddable":true,"href":"https:\/\/agora.xtec.cat\/col-imma-lloret\/wp-json\/wp\/v2\/comments?post=5964"}],"version-history":[{"count":3,"href":"https:\/\/agora.xtec.cat\/col-imma-lloret\/wp-json\/wp\/v2\/posts\/5964\/revisions"}],"predecessor-version":[{"id":6120,"href":"https:\/\/agora.xtec.cat\/col-imma-lloret\/wp-json\/wp\/v2\/posts\/5964\/revisions\/6120"}],"wp:featuredmedia":[{"embeddable":true,"href":"https:\/\/agora.xtec.cat\/col-imma-lloret\/wp-json\/wp\/v2\/media\/5965"}],"wp:attachment":[{"href":"https:\/\/agora.xtec.cat\/col-imma-lloret\/wp-json\/wp\/v2\/media?parent=5964"}],"wp:term":[{"taxonomy":"category","embeddable":true,"href":"https:\/\/agora.xtec.cat\/col-imma-lloret\/wp-json\/wp\/v2\/categories?post=5964"},{"taxonomy":"post_tag","embeddable":true,"href":"https:\/\/agora.xtec.cat\/col-imma-lloret\/wp-json\/wp\/v2\/tags?post=5964"}],"curies":[{"name":"wp","href":"https:\/\/api.w.org\/{rel}","templated":true}]}}