{"id":5683,"date":"2017-10-30T16:19:07","date_gmt":"2017-10-30T15:19:07","guid":{"rendered":"http:\/\/agora.xtec.cat\/col-imma-lloret\/?p=5683"},"modified":"2017-12-21T20:10:32","modified_gmt":"2017-12-21T19:10:32","slug":"excursio-mon-sant-benet-i-fundacio-alicia","status":"publish","type":"post","link":"https:\/\/agora.xtec.cat\/col-imma-lloret\/nascuts-2007\/excursio-mon-sant-benet-i-fundacio-alicia\/","title":{"rendered":"Excursi\u00f3 M\u00f3n Sant Benet i Fundaci\u00f3 Al\u00edcia"},"content":{"rendered":"<p><a href=\"https:\/\/photos.app.goo.gl\/lSGTTwuVaStg4Iwi1\"><img loading=\"lazy\" decoding=\"async\" class=\"size-full wp-image-5686 aligncenter\" src=\"http:\/\/agora.xtec.cat\/col-imma-lloret\/wp-content\/uploads\/usu1420\/2017\/10\/20171013_102215-Copiar.jpg\" alt=\"\" width=\"640\" height=\"480\" srcset=\"https:\/\/agora.xtec.cat\/col-imma-lloret\/wp-content\/uploads\/usu1420\/2017\/10\/20171013_102215-Copiar.jpg 640w, https:\/\/agora.xtec.cat\/col-imma-lloret\/wp-content\/uploads\/usu1420\/2017\/10\/20171013_102215-Copiar-300x225.jpg 300w, https:\/\/agora.xtec.cat\/col-imma-lloret\/wp-content\/uploads\/usu1420\/2017\/10\/20171013_102215-Copiar-200x150.jpg 200w\" sizes=\"auto, (max-width: 640px) 100vw, 640px\" \/><\/a><\/p>\n<p style=\"text-align: center;\"><a href=\"https:\/\/photos.app.goo.gl\/lSGTTwuVaStg4Iwi1\">Feu clic a la foto per veure&#8217;n m\u00e9s!<\/a><\/p>\n","protected":false},"excerpt":{"rendered":"<p>A l&#8217;excursi\u00f3 al M\u00f3n Sant Benet i la fundaci\u00f3 Al\u00edcia i ens ho vam passar molt b\u00e9!<br \/>\nVam fer una visita guiada pel Monastir i un taller en el que vam preparar un p\u00e0 de pobre i una salsa de rics de l&#8217;edat mitjana. A l&#8217;\u00e0lbum de fotos trobareu les receptes que v\u00e0rem preparar! &hellip;  <a href=\"https:\/\/agora.xtec.cat\/col-imma-lloret\/nascuts-2007\/excursio-mon-sant-benet-i-fundacio-alicia\/\" title=\"Read Excursi\u00f3 M\u00f3n Sant Benet i Fundaci\u00f3 Al\u00edcia\">Llegeix m\u00e9s\u00bb<\/a><\/p>\n","protected":false},"author":1,"featured_media":5686,"comment_status":"open","ping_status":"closed","sticky":false,"template":"","format":"standard","meta":{"_bbp_topic_count":0,"_bbp_reply_count":0,"_bbp_total_topic_count":0,"_bbp_total_reply_count":0,"_bbp_voice_count":0,"_bbp_anonymous_reply_count":0,"_bbp_topic_count_hidden":0,"_bbp_reply_count_hidden":0,"_bbp_forum_subforum_count":0,"footnotes":""},"categories":[218,136,135],"tags":[343,342,341],"class_list":["post-5683","post","type-post","status-publish","format-standard","has-post-thumbnail","hentry","category-2017-18","category-5e-primaria","category-nascuts-2007","tag-cicle-superior","tag-excursio","tag-mon-sant-benet"],"post_mailing_queue_ids":[],"_links":{"self":[{"href":"https:\/\/agora.xtec.cat\/col-imma-lloret\/wp-json\/wp\/v2\/posts\/5683","targetHints":{"allow":["GET"]}}],"collection":[{"href":"https:\/\/agora.xtec.cat\/col-imma-lloret\/wp-json\/wp\/v2\/posts"}],"about":[{"href":"https:\/\/agora.xtec.cat\/col-imma-lloret\/wp-json\/wp\/v2\/types\/post"}],"author":[{"embeddable":true,"href":"https:\/\/agora.xtec.cat\/col-imma-lloret\/wp-json\/wp\/v2\/users\/1"}],"replies":[{"embeddable":true,"href":"https:\/\/agora.xtec.cat\/col-imma-lloret\/wp-json\/wp\/v2\/comments?post=5683"}],"version-history":[{"count":2,"href":"https:\/\/agora.xtec.cat\/col-imma-lloret\/wp-json\/wp\/v2\/posts\/5683\/revisions"}],"predecessor-version":[{"id":5689,"href":"https:\/\/agora.xtec.cat\/col-imma-lloret\/wp-json\/wp\/v2\/posts\/5683\/revisions\/5689"}],"wp:featuredmedia":[{"embeddable":true,"href":"https:\/\/agora.xtec.cat\/col-imma-lloret\/wp-json\/wp\/v2\/media\/5686"}],"wp:attachment":[{"href":"https:\/\/agora.xtec.cat\/col-imma-lloret\/wp-json\/wp\/v2\/media?parent=5683"}],"wp:term":[{"taxonomy":"category","embeddable":true,"href":"https:\/\/agora.xtec.cat\/col-imma-lloret\/wp-json\/wp\/v2\/categories?post=5683"},{"taxonomy":"post_tag","embeddable":true,"href":"https:\/\/agora.xtec.cat\/col-imma-lloret\/wp-json\/wp\/v2\/tags?post=5683"}],"curies":[{"name":"wp","href":"https:\/\/api.w.org\/{rel}","templated":true}]}}