{"id":548,"date":"2016-11-30T11:45:00","date_gmt":"2016-11-30T10:45:00","guid":{"rendered":"http:\/\/agora.xtec.cat\/col-imma-lloret\/general\/setmana-del-protagonista-jan-p3a-i-guillem-p3b\/"},"modified":"2017-07-10T11:37:03","modified_gmt":"2017-07-10T09:37:03","slug":"setmana-del-protagonista-jan-p3a-i-guillem-p3b","status":"publish","type":"post","link":"https:\/\/agora.xtec.cat\/col-imma-lloret\/2016-17\/setmana-del-protagonista-jan-p3a-i-guillem-p3b\/","title":{"rendered":"Setmana del protagonista: Jan P3A i Guillem P3B"},"content":{"rendered":"<p>Avui ens ha vingut a visitar la mam\u00e0 d&#8217;en Jan i en Guillem. Ens ha ensenyat moltes fotos i ens ha explicat moltes coses dels nostres amics. Tamb\u00e9 ens ha explicat dos dels seus contes preferits. Com sempre ens ho hem passat molt b\u00e9. Moltes gracies!<\/p>\n<div style=\"clear: both; text-align: center;\"><a href=\"https:\/\/goo.gl\/photos\/mnCRpiCZozu7U2G2A\" target=\"_blank\"><img loading=\"lazy\" decoding=\"async\" border=\"0\" height=\"240\" src=\"https:\/\/4.bp.blogspot.com\/-H4GZGSlNWvM\/WD6evUK7iMI\/AAAAAAAABmU\/dgLQqd_nFEUF7siAOXOUMjAioyOGS9E1gCLcB\/s320\/IMG_20161130_093000.jpg\" width=\"320\" \/><\/a><\/div>\n<div style=\"text-align: center;\"><\/div>\n","protected":false},"excerpt":{"rendered":"<p>Avui ens ha vingut a visitar la mam\u00e0 d&#8217;en Jan i en Guillem. Ens ha ensenyat moltes fotos i ens ha explicat moltes coses dels nostres amics. Tamb\u00e9 ens ha explicat dos dels seus contes preferits. Com sempre ens ho hem passat molt b\u00e9. Moltes&hellip;  <a href=\"https:\/\/agora.xtec.cat\/col-imma-lloret\/2016-17\/setmana-del-protagonista-jan-p3a-i-guillem-p3b\/\" title=\"Read Setmana del protagonista: Jan P3A i Guillem P3B\">Llegeix m\u00e9s\u00bb<\/a><\/p>\n","protected":false},"author":15,"featured_media":0,"comment_status":"open","ping_status":"closed","sticky":false,"template":"","format":"standard","meta":{"_bbp_topic_count":0,"_bbp_reply_count":0,"_bbp_total_topic_count":0,"_bbp_total_reply_count":0,"_bbp_voice_count":0,"_bbp_anonymous_reply_count":0,"_bbp_topic_count_hidden":0,"_bbp_reply_count_hidden":0,"_bbp_forum_subforum_count":0,"footnotes":""},"categories":[104,114,113],"tags":[],"class_list":["post-548","post","type-post","status-publish","format-standard","hentry","category-2016-17","category-i3","category-nascuts13"],"post_mailing_queue_ids":[],"_links":{"self":[{"href":"https:\/\/agora.xtec.cat\/col-imma-lloret\/wp-json\/wp\/v2\/posts\/548","targetHints":{"allow":["GET"]}}],"collection":[{"href":"https:\/\/agora.xtec.cat\/col-imma-lloret\/wp-json\/wp\/v2\/posts"}],"about":[{"href":"https:\/\/agora.xtec.cat\/col-imma-lloret\/wp-json\/wp\/v2\/types\/post"}],"author":[{"embeddable":true,"href":"https:\/\/agora.xtec.cat\/col-imma-lloret\/wp-json\/wp\/v2\/users\/15"}],"replies":[{"embeddable":true,"href":"https:\/\/agora.xtec.cat\/col-imma-lloret\/wp-json\/wp\/v2\/comments?post=548"}],"version-history":[{"count":1,"href":"https:\/\/agora.xtec.cat\/col-imma-lloret\/wp-json\/wp\/v2\/posts\/548\/revisions"}],"predecessor-version":[{"id":663,"href":"https:\/\/agora.xtec.cat\/col-imma-lloret\/wp-json\/wp\/v2\/posts\/548\/revisions\/663"}],"wp:attachment":[{"href":"https:\/\/agora.xtec.cat\/col-imma-lloret\/wp-json\/wp\/v2\/media?parent=548"}],"wp:term":[{"taxonomy":"category","embeddable":true,"href":"https:\/\/agora.xtec.cat\/col-imma-lloret\/wp-json\/wp\/v2\/categories?post=548"},{"taxonomy":"post_tag","embeddable":true,"href":"https:\/\/agora.xtec.cat\/col-imma-lloret\/wp-json\/wp\/v2\/tags?post=548"}],"curies":[{"name":"wp","href":"https:\/\/api.w.org\/{rel}","templated":true}]}}