{"id":533,"date":"2017-02-13T21:04:00","date_gmt":"2017-02-13T20:04:00","guid":{"rendered":"http:\/\/agora.xtec.cat\/col-imma-lloret\/general\/mural-de-flors-per-les-nostre-abelles\/"},"modified":"2017-07-10T11:36:34","modified_gmt":"2017-07-10T09:36:34","slug":"mural-de-flors-per-les-nostre-abelles","status":"publish","type":"post","link":"https:\/\/agora.xtec.cat\/col-imma-lloret\/2016-17\/mural-de-flors-per-les-nostre-abelles\/","title":{"rendered":"Mural de flors per les nostre abelles"},"content":{"rendered":"<p>Entre tots hem fet un mural ben bonic ple de flors per poder-hi anar posant totes les abelles que ens esteu portant. Moltes gr\u00e0cies a tots!!<\/p>\n<div style=\"clear: both; text-align: center;\"><a href=\"https:\/\/goo.gl\/photos\/twfzc5n1sdMMAn5x5\" target=\"_blank\"><img loading=\"lazy\" decoding=\"async\" border=\"0\" height=\"240\" src=\"https:\/\/1.bp.blogspot.com\/-U4nXqP5MYd4\/WKLT86N8uTI\/AAAAAAAACdA\/jE133DHR_usFPN7UIT6aWPvh1EM40vFzgCPcB\/s320\/IMG_20170208_101710.jpg\" width=\"320\" \/><\/a><\/div>\n<div style=\"text-align: justify;\"><span style=\"font-family: inherit;\"><span style=\"background-color: white;\">A part de parlar del tema, hem preparat uns tallers per tal de fer una feina una mica m\u00e9s l\u00fadica i manipulativa.&nbsp;<\/span><span style=\"background-color: white;\">Les classes s&#8217;han barrejat amb tots els nens d&#8217;infantil, creant aix\u00ed grups amb edats diferents, 3-4-5 anys.<\/span><\/span><\/div>\n<p><\/p>\n<div style=\"text-align: justify;\"><span style=\"background-color: white;\"><span style=\"font-family: inherit;\">Al llarg de sis dies els nens van fent els diferents tallers relacionats amb les abelles on trobaran tota la informaci\u00f3 necess\u00e0ria juntament amb una activitat l\u00fadica que l&#8217;acompanya.<\/span><\/span><\/div>\n<p><span style=\"font-family: inherit;\"><span style=\"background-color: white;\"><\/span><\/span><\/p>\n<div style=\"text-align: justify;\"><span style=\"font-family: inherit;\"><span style=\"background-color: white;\">Ens ho estem passant molt b\u00e9!<\/span><\/span><\/div>\n<p><span style=\"font-family: inherit;\"><span style=\"background-color: white;\"><\/span><span style=\"background-color: white;\"><\/p>\n<div style=\"text-align: justify;\"><\/div>\n<div style=\"text-align: justify;\">Els tallers s\u00f3n:<\/div>\n<div style=\"text-align: justify;\"><\/div>\n<p><\/span><span style=\"background-color: white;\"><\/p>\n<div style=\"text-align: justify;\">1-L&#8217;abella i les seves parts.<\/div>\n<p><\/span><span style=\"background-color: white;\"><\/p>\n<div style=\"text-align: justify;\">2-Tipus d&#8217;abelles i quin paper tenen dins el grup d&#8217;abelles.<\/div>\n<p><\/span><span style=\"background-color: white;\"><\/p>\n<div style=\"text-align: justify;\">3-El rusc i la seva forma hexagonal.<\/div>\n<p><\/span><span style=\"background-color: white;\"><\/p>\n<div style=\"text-align: justify;\">4-La pol\u00b7linitzaci\u00f3 i les flors.<\/div>\n<p><\/span><span style=\"background-color: white;\"><\/p>\n<div style=\"text-align: justify;\">5-L&#8217;apicultor i els aliments que en treiem de les abelles.<\/div>\n<p><\/span><span style=\"background-color: white;\"><\/p>\n<div style=\"text-align: justify;\">6-El perill d&#8217;extinci\u00f3 de les abelles.<\/div>\n<p><\/span><\/span><\/p>\n","protected":false},"excerpt":{"rendered":"<p>Entre tots hem fet un mural ben bonic ple de flors per poder-hi anar posant totes les abelles que ens esteu portant. Moltes gr\u00e0cies a tots!!<br \/>\n<a href=\"https:\/\/goo.gl\/photos\/twfzc5n1sdMMAn5x5\" target=\"_blank\"><\/a><br \/>\nA part de parlar del tema, hem preparat uns tallers per tal de fer una feina una mica&hellip;  <a href=\"https:\/\/agora.xtec.cat\/col-imma-lloret\/2016-17\/mural-de-flors-per-les-nostre-abelles\/\" title=\"Read Mural de flors per les nostre abelles\">Llegeix m\u00e9s\u00bb<\/a><\/p>\n","protected":false},"author":15,"featured_media":0,"comment_status":"open","ping_status":"closed","sticky":false,"template":"","format":"standard","meta":{"_bbp_topic_count":0,"_bbp_reply_count":0,"_bbp_total_topic_count":0,"_bbp_total_reply_count":0,"_bbp_voice_count":0,"_bbp_anonymous_reply_count":0,"_bbp_topic_count_hidden":0,"_bbp_reply_count_hidden":0,"_bbp_forum_subforum_count":0,"footnotes":""},"categories":[104,114,113],"tags":[],"class_list":["post-533","post","type-post","status-publish","format-standard","hentry","category-2016-17","category-i3","category-nascuts13"],"post_mailing_queue_ids":[],"_links":{"self":[{"href":"https:\/\/agora.xtec.cat\/col-imma-lloret\/wp-json\/wp\/v2\/posts\/533","targetHints":{"allow":["GET"]}}],"collection":[{"href":"https:\/\/agora.xtec.cat\/col-imma-lloret\/wp-json\/wp\/v2\/posts"}],"about":[{"href":"https:\/\/agora.xtec.cat\/col-imma-lloret\/wp-json\/wp\/v2\/types\/post"}],"author":[{"embeddable":true,"href":"https:\/\/agora.xtec.cat\/col-imma-lloret\/wp-json\/wp\/v2\/users\/15"}],"replies":[{"embeddable":true,"href":"https:\/\/agora.xtec.cat\/col-imma-lloret\/wp-json\/wp\/v2\/comments?post=533"}],"version-history":[{"count":1,"href":"https:\/\/agora.xtec.cat\/col-imma-lloret\/wp-json\/wp\/v2\/posts\/533\/revisions"}],"predecessor-version":[{"id":648,"href":"https:\/\/agora.xtec.cat\/col-imma-lloret\/wp-json\/wp\/v2\/posts\/533\/revisions\/648"}],"wp:attachment":[{"href":"https:\/\/agora.xtec.cat\/col-imma-lloret\/wp-json\/wp\/v2\/media?parent=533"}],"wp:term":[{"taxonomy":"category","embeddable":true,"href":"https:\/\/agora.xtec.cat\/col-imma-lloret\/wp-json\/wp\/v2\/categories?post=533"},{"taxonomy":"post_tag","embeddable":true,"href":"https:\/\/agora.xtec.cat\/col-imma-lloret\/wp-json\/wp\/v2\/tags?post=533"}],"curies":[{"name":"wp","href":"https:\/\/api.w.org\/{rel}","templated":true}]}}