{"id":504,"date":"2017-05-12T15:25:00","date_gmt":"2017-05-12T13:25:00","guid":{"rendered":""},"modified":"2017-07-10T11:35:39","modified_gmt":"2017-07-10T09:35:39","slug":"treballant-miro-el-naixement-del-dia","status":"publish","type":"post","link":"https:\/\/agora.xtec.cat\/col-imma-lloret\/2016-17\/treballant-miro-el-naixement-del-dia\/","title":{"rendered":"Treballant Mir\u00f3: &#8220;El naixement del dia&#8221;"},"content":{"rendered":"<p>Avui hem estat parlant sobre una obra de Mir\u00f3 i despr\u00e9s n&#8217;hem fet cada un la nostra pr\u00f2pia interpretaci\u00f3. Mireu quins artistes que tenim!&nbsp;<\/p>\n<div><\/div>\n<div style=\"text-align: center;\"><a href=\"https:\/\/goo.gl\/photos\/dft1tbj4FmhEmXjFA\" target=\"_blank\"><img loading=\"lazy\" decoding=\"async\" alt=\"Imatge relacionada\" height=\"400\" src=\"http:\/\/agora.xtec.cat\/col-imma-lloret\/wp-content\/uploads\/usu1420\/2017\/05\/miro-joan-tagesanbruch-1968-8700397-228x300.jpg\" width=\"304\" \/><\/a><\/div>\n<div style=\"clear: both; text-align: center;\"><\/div>\n<div style=\"text-align: center;\"><\/div>\n","protected":false},"excerpt":{"rendered":"<p>Avui hem estat parlant sobre una obra de Mir\u00f3 i despr\u00e9s n&#8217;hem fet cada un la nostra pr\u00f2pia interpretaci\u00f3. Mireu quins artistes que tenim!&nbsp;<\/p>\n<p><a href=\"https:\/\/goo.gl\/photos\/dft1tbj4FmhEmXjFA\" target=\"_blank\"><\/a><\/p>\n","protected":false},"author":15,"featured_media":584,"comment_status":"open","ping_status":"closed","sticky":false,"template":"","format":"standard","meta":{"_bbp_topic_count":0,"_bbp_reply_count":0,"_bbp_total_topic_count":0,"_bbp_total_reply_count":0,"_bbp_voice_count":0,"_bbp_anonymous_reply_count":0,"_bbp_topic_count_hidden":0,"_bbp_reply_count_hidden":0,"_bbp_forum_subforum_count":0,"footnotes":""},"categories":[104,114,113],"tags":[],"class_list":["post-504","post","type-post","status-publish","format-standard","has-post-thumbnail","hentry","category-2016-17","category-i3","category-nascuts13"],"post_mailing_queue_ids":[],"_links":{"self":[{"href":"https:\/\/agora.xtec.cat\/col-imma-lloret\/wp-json\/wp\/v2\/posts\/504","targetHints":{"allow":["GET"]}}],"collection":[{"href":"https:\/\/agora.xtec.cat\/col-imma-lloret\/wp-json\/wp\/v2\/posts"}],"about":[{"href":"https:\/\/agora.xtec.cat\/col-imma-lloret\/wp-json\/wp\/v2\/types\/post"}],"author":[{"embeddable":true,"href":"https:\/\/agora.xtec.cat\/col-imma-lloret\/wp-json\/wp\/v2\/users\/15"}],"replies":[{"embeddable":true,"href":"https:\/\/agora.xtec.cat\/col-imma-lloret\/wp-json\/wp\/v2\/comments?post=504"}],"version-history":[{"count":2,"href":"https:\/\/agora.xtec.cat\/col-imma-lloret\/wp-json\/wp\/v2\/posts\/504\/revisions"}],"predecessor-version":[{"id":618,"href":"https:\/\/agora.xtec.cat\/col-imma-lloret\/wp-json\/wp\/v2\/posts\/504\/revisions\/618"}],"wp:featuredmedia":[{"embeddable":true,"href":"https:\/\/agora.xtec.cat\/col-imma-lloret\/wp-json\/wp\/v2\/media\/584"}],"wp:attachment":[{"href":"https:\/\/agora.xtec.cat\/col-imma-lloret\/wp-json\/wp\/v2\/media?parent=504"}],"wp:term":[{"taxonomy":"category","embeddable":true,"href":"https:\/\/agora.xtec.cat\/col-imma-lloret\/wp-json\/wp\/v2\/categories?post=504"},{"taxonomy":"post_tag","embeddable":true,"href":"https:\/\/agora.xtec.cat\/col-imma-lloret\/wp-json\/wp\/v2\/tags?post=504"}],"curies":[{"name":"wp","href":"https:\/\/api.w.org\/{rel}","templated":true}]}}