{"id":4337,"date":"2015-02-07T19:51:00","date_gmt":"2015-02-07T18:51:00","guid":{"rendered":"http:\/\/agora.xtec.cat\/col-imma-lloret\/general\/practiques-de-fisica-a-la-universitat\/"},"modified":"2017-08-24T19:37:12","modified_gmt":"2017-08-24T17:37:12","slug":"practiques-de-fisica-a-la-universitat","status":"publish","type":"post","link":"https:\/\/agora.xtec.cat\/col-imma-lloret\/2014-15\/practiques-de-fisica-a-la-universitat\/","title":{"rendered":"PR\u00c0CTIQUES  DE  F\u00cdSICA  A  LA  UNIVERSITAT"},"content":{"rendered":"<div style=\"text-align: justify;\"><span style=\"font-family: Arial, Helvetica, sans-serif;\">Els alumnes de 2n de Batxillerat Cient\u00edfico-Tecnol\u00f2gic van anar el passat 2 de febrer a la Universitat de Barcelona a fer unes pr\u00e0ctiques al departament d&#8217;electr\u00f2nica.<\/span><\/div>\n<div style=\"text-align: justify;\"><span style=\"font-family: Arial, Helvetica, sans-serif;\">Aqu\u00ed teniu unes quantes fotos:<\/span><\/div>\n<div style=\"text-align: justify;\"><span style=\"font-family: Arial, Helvetica, sans-serif;\"><br \/><\/span><\/div>\n<div style=\"clear: both; text-align: center;\"><a href=\"http:\/\/3.bp.blogspot.com\/-Mg812W2ED-c\/VNZPf6wwQBI\/AAAAAAAADCw\/okamGmqr8As\/s1600\/unnamed%2B(3).jpg\" style=\"margin-left: 1em; margin-right: 1em;\"><img loading=\"lazy\" decoding=\"async\" border=\"0\" src=\"http:\/\/3.bp.blogspot.com\/-Mg812W2ED-c\/VNZPf6wwQBI\/AAAAAAAADCw\/okamGmqr8As\/s1600\/unnamed%2B(3).jpg\" height=\"480\" width=\"640\" \/><\/a><\/div>\n<p><\/p>\n<div style=\"clear: both; text-align: center;\"><a href=\"http:\/\/2.bp.blogspot.com\/-MTkzRNtFECc\/VNZPsFiiMKI\/AAAAAAAADDQ\/F0QJIEX7_Hk\/s1600\/IMG_20150203_101100.jpg\" style=\"clear: left; float: left; margin-bottom: 1em; margin-right: 1em;\"><img loading=\"lazy\" decoding=\"async\" border=\"0\" src=\"http:\/\/2.bp.blogspot.com\/-MTkzRNtFECc\/VNZPsFiiMKI\/AAAAAAAADDQ\/F0QJIEX7_Hk\/s1600\/IMG_20150203_101100.jpg\" height=\"320\" width=\"240\" \/><\/a><\/div>\n<p>&nbsp; &nbsp; &nbsp; &nbsp; &nbsp;<a href=\"http:\/\/4.bp.blogspot.com\/-0_DFXkr-jR0\/VNZPoOCFlgI\/AAAAAAAADC4\/MJ_SOAwMkGs\/s1600\/unnamed%2B(1).jpg\" style=\"margin-left: 1em; margin-right: 1em; text-align: center;\"><img loading=\"lazy\" decoding=\"async\" border=\"0\" src=\"http:\/\/4.bp.blogspot.com\/-0_DFXkr-jR0\/VNZPoOCFlgI\/AAAAAAAADC4\/MJ_SOAwMkGs\/s1600\/unnamed%2B(1).jpg\" height=\"240\" width=\"320\" \/><\/a><\/p>\n<div style=\"clear: both; text-align: center;\"><\/div>\n<div style=\"clear: both; text-align: center;\"><a href=\"http:\/\/1.bp.blogspot.com\/-93TWOVIPFiY\/VNZPoN1HVrI\/AAAAAAAADC8\/ATkHFwWNq2M\/s1600\/unnamed%2B(2).jpg\" style=\"clear: left; float: left; margin-bottom: 1em; margin-right: 1em;\"><img loading=\"lazy\" decoding=\"async\" border=\"0\" src=\"http:\/\/1.bp.blogspot.com\/-93TWOVIPFiY\/VNZPoN1HVrI\/AAAAAAAADC8\/ATkHFwWNq2M\/s1600\/unnamed%2B(2).jpg\" height=\"240\" width=\"320\" \/><\/a><\/div>\n<p>&nbsp; &nbsp; &nbsp; &nbsp; &nbsp; &nbsp;<a href=\"http:\/\/3.bp.blogspot.com\/-xAP2F3QDVfA\/VNZPrLAeopI\/AAAAAAAADDI\/55QHa6CvgDM\/s1600\/unnamed.jpg\" style=\"margin-left: 1em; margin-right: 1em; text-align: center;\"><img loading=\"lazy\" decoding=\"async\" border=\"0\" src=\"http:\/\/3.bp.blogspot.com\/-xAP2F3QDVfA\/VNZPrLAeopI\/AAAAAAAADDI\/55QHa6CvgDM\/s1600\/unnamed.jpg\" height=\"320\" width=\"240\" \/><\/a><\/p>\n<div style=\"text-align: justify;\"><span style=\"font-family: Arial, Helvetica, sans-serif;\"><br \/><\/span><\/div>\n","protected":false},"excerpt":{"rendered":"<p>Els alumnes de 2n de Batxillerat Cient\u00edfico-Tecnol\u00f2gic van anar el passat 2 de febrer a la Universitat de Barcelona a fer unes pr\u00e0ctiques al departament d&#8217;electr\u00f2nica.<br \/>\nAqu\u00ed teniu unes quantes fotos:<\/p>\n<p><a href=\"http:\/\/3.bp.blogspot.com\/-Mg812W2ED-c\/VNZPf6wwQBI\/AAAAAAAADCw\/okamGmqr8As\/s1600\/unnamed%2B(3).jpg\" style=\"margin-left: 1em; margin-right: 1em;\"><\/a><\/p>\n<p><a href=\"http:\/\/2.bp.blogspot.com\/-MTkzRNtFECc\/VNZPsFiiMKI\/AAAAAAAADDQ\/F0QJIEX7_Hk\/s1600\/IMG_20150203_101100.jpg\" style=\"clear: left; float: left; margin-bottom: 1em; margin-right: 1em;\"><\/a><br \/>\n&nbsp; &nbsp;&hellip;  <a href=\"https:\/\/agora.xtec.cat\/col-imma-lloret\/2014-15\/practiques-de-fisica-a-la-universitat\/\" title=\"Read PR\u00c0CTIQUES  DE  F\u00cdSICA  A  LA  UNIVERSITAT\">Llegeix m\u00e9s\u00bb<\/a><\/p>\n","protected":false},"author":1,"featured_media":0,"comment_status":"open","ping_status":"closed","sticky":false,"template":"","format":"standard","meta":{"_bbp_topic_count":0,"_bbp_reply_count":0,"_bbp_total_topic_count":0,"_bbp_total_reply_count":0,"_bbp_voice_count":0,"_bbp_anonymous_reply_count":0,"_bbp_topic_count_hidden":0,"_bbp_reply_count_hidden":0,"_bbp_forum_subforum_count":0,"footnotes":""},"categories":[120,164,224,169,220],"tags":[],"class_list":["post-4337","post","type-post","status-publish","format-standard","hentry","category-2014-15","category-activitats","category-batx-2","category-exc-sort","category-nascuts-1997"],"post_mailing_queue_ids":[],"_links":{"self":[{"href":"https:\/\/agora.xtec.cat\/col-imma-lloret\/wp-json\/wp\/v2\/posts\/4337","targetHints":{"allow":["GET"]}}],"collection":[{"href":"https:\/\/agora.xtec.cat\/col-imma-lloret\/wp-json\/wp\/v2\/posts"}],"about":[{"href":"https:\/\/agora.xtec.cat\/col-imma-lloret\/wp-json\/wp\/v2\/types\/post"}],"author":[{"embeddable":true,"href":"https:\/\/agora.xtec.cat\/col-imma-lloret\/wp-json\/wp\/v2\/users\/1"}],"replies":[{"embeddable":true,"href":"https:\/\/agora.xtec.cat\/col-imma-lloret\/wp-json\/wp\/v2\/comments?post=4337"}],"version-history":[{"count":1,"href":"https:\/\/agora.xtec.cat\/col-imma-lloret\/wp-json\/wp\/v2\/posts\/4337\/revisions"}],"predecessor-version":[{"id":4699,"href":"https:\/\/agora.xtec.cat\/col-imma-lloret\/wp-json\/wp\/v2\/posts\/4337\/revisions\/4699"}],"wp:attachment":[{"href":"https:\/\/agora.xtec.cat\/col-imma-lloret\/wp-json\/wp\/v2\/media?parent=4337"}],"wp:term":[{"taxonomy":"category","embeddable":true,"href":"https:\/\/agora.xtec.cat\/col-imma-lloret\/wp-json\/wp\/v2\/categories?post=4337"},{"taxonomy":"post_tag","embeddable":true,"href":"https:\/\/agora.xtec.cat\/col-imma-lloret\/wp-json\/wp\/v2\/tags?post=4337"}],"curies":[{"name":"wp","href":"https:\/\/api.w.org\/{rel}","templated":true}]}}