{"id":4327,"date":"2015-04-13T14:27:00","date_gmt":"2015-04-13T12:27:00","guid":{"rendered":"http:\/\/agora.xtec.cat\/col-imma-lloret\/general\/3a-mostra-de-treballs-de-recerca-de-batxillerat-de-la-selva-ii-2015\/"},"modified":"2017-08-24T19:36:44","modified_gmt":"2017-08-24T17:36:44","slug":"3a-mostra-de-treballs-de-recerca-de-batxillerat-de-la-selva-ii-2015","status":"publish","type":"post","link":"https:\/\/agora.xtec.cat\/col-imma-lloret\/batx\/3a-mostra-de-treballs-de-recerca-de-batxillerat-de-la-selva-ii-2015\/","title":{"rendered":"3a Mostra de Treballs de Recerca de Batxillerat de La Selva II 2015"},"content":{"rendered":"<p>El proper divendres 17 de maig, a 2\/4 de 6\u00a0 de la tarda i al Teatre Municipal de Blanes tindr\u00e0 lloc la <a href=\"https:\/\/sites.google.com\/a\/xtec.cat\/mostratdrselva2\/mostra-tdr-2015\/presentacio\" target=\"_blank\" rel=\"noopener noreferrer\">3a Mostra de Treballs de Recerca de Batxillerat de la Selva II 2015<\/a>.<\/p>\n<p>La Mostra de Treballs de Recerca pret\u00e9n ser un punt de trobada entre estudiants de batxillerat dels diferents instituts de la zona, per tal que puguin compartir i difondre les seves investigacions.<\/p>\n<div dir=\"ltr\">\n<div style=\"text-align: center;\"><\/div>\n<p>La Mostra t\u00e9 l\u2019objectiu de recon\u00e8ixer l\u2019esfor\u00e7 realitzat per l\u2019alumnat i el professorat que el tutoritza. Els treballs presentats passen un proc\u00e9s de selecci\u00f3 previ realitzat per cadascun dels centres participants, en el qual es valoren la creativitat, la innovaci\u00f3 i l\u2019aplicaci\u00f3 de diferents estrat\u00e8gies de recerca. A l&#8217;edici\u00f3 d&#8217;enguany s&#8217;hi presenten 16 treballs de recerca d&#8217;alumnes de batxillerat del 8 instituts de La Selva II.<\/p>\n<p>Aquest any en representaci\u00f3 de la nostra escola hi assistiran els alumnes <b><b>Sergi Ibanyez<\/b> <\/b>amb el treball <i><span style=\"color: #3d85c6;\">Garbage in<\/span>seguretat inform\u00e0tica. <span style=\"color: #3d85c6;\">Garbage o ut<\/span>ilitats per evitar-la<\/i><i> <\/i>i<b> Jonathan Montero<\/b> amb el treball\u00a0<i>L&#8217;independentisme catal\u00e0 a trav\u00e9s dels mitjans de comunicaci\u00f3<\/i>.<\/p>\n<p>L&#8217;acte \u00e9s obert a tothom i us animem a familiars, companys i amics a assistir-hi, acompanyar i donar suport a en Jonathan i en Sergi<\/p>\n<\/div>\n<div style=\"text-align: center;\"><embed width=\"288\" height=\"192\" flashvars=\"host=picasaweb.google.com&amp;hl=ca&amp;feat=flashalbum&amp;RGB=0x000000&amp;feed=https%3A%2F%2Fpicasaweb.google.com%2Fdata%2Ffeed%2Fapi%2Fuser%2F105322546882545593685%2Falbumid%2F6140572961712744033%3Falt%3Drss%26kind%3Dphoto%26authkey%3DGv1sRgCIHd16G-zfHNEg%26hl%3Dca\" src=\"https:\/\/photos.gstatic.com\/media\/slideshow.swf\" type=\"application\/x-shockwave-flash\" pluginspage=\"http:\/\/www.macromedia.com\/go\/getflashplayer\"><\/embed><\/div>\n","protected":false},"excerpt":{"rendered":"<p>El proper divendres 17 de maig, a 2\/4 de 6\u00a0 de la tarda i al Teatre Municipal de Blanes tindr\u00e0 lloc la <a href=\"https:\/\/sites.google.com\/a\/xtec.cat\/mostratdrselva2\/mostra-tdr-2015\/presentacio\" target=\"_blank\" rel=\"noopener noreferrer\">3a Mostra de Treballs de Recerca de Batxillerat de la Selva II 2015<\/a>.<br \/>\nLa Mostra de Treballs de Recerca pret\u00e9n&hellip;  <a href=\"https:\/\/agora.xtec.cat\/col-imma-lloret\/batx\/3a-mostra-de-treballs-de-recerca-de-batxillerat-de-la-selva-ii-2015\/\" title=\"Read 3a Mostra de Treballs de Recerca de Batxillerat de La Selva II 2015\">Llegeix m\u00e9s\u00bb<\/a><\/p>\n","protected":false},"author":1,"featured_media":0,"comment_status":"open","ping_status":"closed","sticky":false,"template":"","format":"standard","meta":{"_bbp_topic_count":0,"_bbp_reply_count":0,"_bbp_total_topic_count":0,"_bbp_total_reply_count":0,"_bbp_voice_count":0,"_bbp_anonymous_reply_count":0,"_bbp_topic_count_hidden":0,"_bbp_reply_count_hidden":0,"_bbp_forum_subforum_count":0,"footnotes":""},"categories":[120,8,223,224,171,220,219,213],"tags":[246],"class_list":["post-4327","post","type-post","status-publish","format-standard","hentry","category-2014-15","category-batx","category-batx-1","category-batx-2","category-concursos-premis","category-nascuts-1997","category-nascuts-1998","category-tdr-batx","tag-premis-tdr"],"post_mailing_queue_ids":[],"_links":{"self":[{"href":"https:\/\/agora.xtec.cat\/col-imma-lloret\/wp-json\/wp\/v2\/posts\/4327","targetHints":{"allow":["GET"]}}],"collection":[{"href":"https:\/\/agora.xtec.cat\/col-imma-lloret\/wp-json\/wp\/v2\/posts"}],"about":[{"href":"https:\/\/agora.xtec.cat\/col-imma-lloret\/wp-json\/wp\/v2\/types\/post"}],"author":[{"embeddable":true,"href":"https:\/\/agora.xtec.cat\/col-imma-lloret\/wp-json\/wp\/v2\/users\/1"}],"replies":[{"embeddable":true,"href":"https:\/\/agora.xtec.cat\/col-imma-lloret\/wp-json\/wp\/v2\/comments?post=4327"}],"version-history":[{"count":3,"href":"https:\/\/agora.xtec.cat\/col-imma-lloret\/wp-json\/wp\/v2\/posts\/4327\/revisions"}],"predecessor-version":[{"id":4532,"href":"https:\/\/agora.xtec.cat\/col-imma-lloret\/wp-json\/wp\/v2\/posts\/4327\/revisions\/4532"}],"wp:attachment":[{"href":"https:\/\/agora.xtec.cat\/col-imma-lloret\/wp-json\/wp\/v2\/media?parent=4327"}],"wp:term":[{"taxonomy":"category","embeddable":true,"href":"https:\/\/agora.xtec.cat\/col-imma-lloret\/wp-json\/wp\/v2\/categories?post=4327"},{"taxonomy":"post_tag","embeddable":true,"href":"https:\/\/agora.xtec.cat\/col-imma-lloret\/wp-json\/wp\/v2\/tags?post=4327"}],"curies":[{"name":"wp","href":"https:\/\/api.w.org\/{rel}","templated":true}]}}