{"id":3529,"date":"2015-01-30T20:26:00","date_gmt":"2015-01-30T19:26:00","guid":{"rendered":"http:\/\/agora.xtec.cat\/col-imma-lloret\/general\/denip-dia-escolar-de-la-no-violencia-i-la-pau\/"},"modified":"2015-01-30T20:26:00","modified_gmt":"2015-01-30T19:26:00","slug":"denip-dia-escolar-de-la-no-violencia-i-la-pau","status":"publish","type":"post","link":"https:\/\/agora.xtec.cat\/col-imma-lloret\/portada\/denip-dia-escolar-de-la-no-violencia-i-la-pau\/","title":{"rendered":"DENIP = DIA ESCOLAR DE LA  NO VIOL\u00c8NCIA I LA PAU"},"content":{"rendered":"<p>Avui hem gaudit d&#8217;un dia preci\u00f3s en el que tots, des dels m\u00e9s petits fins els m\u00e9s grans, hem participat en una celebraci\u00f3 conjunta confeccionant un mural molt maco per la PAU !<\/p>\n<div style=\"text-align: center;\"><\/div>\n<div style=\"text-align: center;\"><iframe loading=\"lazy\" height=\"194\" src=\"https:\/\/docs.google.com\/file\/d\/0B2-lS6m7LCGFem9CQWQ4c3hVeWc\/preview\" width=\"306\"><\/iframe><\/div>\n<div style=\"text-align: center;\"><\/div>\n<div style=\"text-align: center;\"><embed flashvars=\"host=picasaweb.google.com&amp;hl=ca&amp;feat=flashalbum&amp;RGB=0x000000&amp;feed=https%3A%2F%2Fpicasaweb.google.com%2Fdata%2Ffeed%2Fapi%2Fuser%2F100533306046161634485%2Falbumid%2F6110197933668135441%3Falt%3Drss%26kind%3Dphoto%26authkey%3DGv1sRgCNSY-qq3yoKYRQ%26hl%3Dca\" height=\"194\" pluginspage=\"http:\/\/www.macromedia.com\/go\/getflashplayer\" src=\"https:\/\/photos.gstatic.com\/media\/slideshow.swf\" type=\"application\/x-shockwave-flash\" width=\"306\"><\/embed><\/div>\n","protected":false},"excerpt":{"rendered":"<p>Avui hem gaudit d&#8217;un dia preci\u00f3s en el que tots, des dels m\u00e9s petits fins els m\u00e9s grans, hem participat en una celebraci\u00f3 conjunta confeccionant un mural molt maco per la PAU !<\/p>\n","protected":false},"author":1,"featured_media":0,"comment_status":"open","ping_status":"closed","sticky":false,"template":"","format":"standard","meta":{"_bbp_topic_count":0,"_bbp_reply_count":0,"_bbp_total_topic_count":0,"_bbp_total_reply_count":0,"_bbp_voice_count":0,"_bbp_anonymous_reply_count":0,"_bbp_topic_count_hidden":0,"_bbp_reply_count_hidden":0,"_bbp_forum_subforum_count":0,"footnotes":""},"categories":[120,29],"tags":[],"class_list":["post-3529","post","type-post","status-publish","format-standard","hentry","category-2014-15","category-portada"],"post_mailing_queue_ids":[],"_links":{"self":[{"href":"https:\/\/agora.xtec.cat\/col-imma-lloret\/wp-json\/wp\/v2\/posts\/3529","targetHints":{"allow":["GET"]}}],"collection":[{"href":"https:\/\/agora.xtec.cat\/col-imma-lloret\/wp-json\/wp\/v2\/posts"}],"about":[{"href":"https:\/\/agora.xtec.cat\/col-imma-lloret\/wp-json\/wp\/v2\/types\/post"}],"author":[{"embeddable":true,"href":"https:\/\/agora.xtec.cat\/col-imma-lloret\/wp-json\/wp\/v2\/users\/1"}],"replies":[{"embeddable":true,"href":"https:\/\/agora.xtec.cat\/col-imma-lloret\/wp-json\/wp\/v2\/comments?post=3529"}],"version-history":[{"count":0,"href":"https:\/\/agora.xtec.cat\/col-imma-lloret\/wp-json\/wp\/v2\/posts\/3529\/revisions"}],"wp:attachment":[{"href":"https:\/\/agora.xtec.cat\/col-imma-lloret\/wp-json\/wp\/v2\/media?parent=3529"}],"wp:term":[{"taxonomy":"category","embeddable":true,"href":"https:\/\/agora.xtec.cat\/col-imma-lloret\/wp-json\/wp\/v2\/categories?post=3529"},{"taxonomy":"post_tag","embeddable":true,"href":"https:\/\/agora.xtec.cat\/col-imma-lloret\/wp-json\/wp\/v2\/tags?post=3529"}],"curies":[{"name":"wp","href":"https:\/\/api.w.org\/{rel}","templated":true}]}}