{"id":3521,"date":"2015-03-25T16:40:00","date_gmt":"2015-03-25T15:40:00","guid":{"rendered":"http:\/\/agora.xtec.cat\/col-imma-lloret\/general\/entrevista-a-nova-radio-lloret-2\/"},"modified":"2015-03-25T16:40:00","modified_gmt":"2015-03-25T15:40:00","slug":"entrevista-a-nova-radio-lloret-2","status":"publish","type":"post","link":"https:\/\/agora.xtec.cat\/col-imma-lloret\/portada\/entrevista-a-nova-radio-lloret-2\/","title":{"rendered":"Entrevista a Nova R\u00e0dio Lloret"},"content":{"rendered":"<p>Aqu\u00ed teniu &nbsp;l&#8217;entrevista que ens han fet a Infantil i Prim\u00e0ria amb motiu de la setmana de <a href=\"http:\/\/englishu2.blogspot.com.es\/\" target=\"_blank\">l&#8217;English Week<\/a>,&nbsp;en el programa &#8220;PAIDEIA&#8221; de Nova R\u00e0dio Lloret.<\/p>\n<div style=\"clear: both; text-align: left;\">&nbsp; &nbsp; &nbsp; &nbsp;&nbsp;<a href=\"https:\/\/drive.google.com\/file\/d\/0B2-lS6m7LCGFWHk3b2REeXBvNEU\/view?usp=sharing\" target=\"_blank\"><img decoding=\"async\" border=\"0\" src=\"http:\/\/2.bp.blogspot.com\/-Vp9i8PJigXc\/VRAmQwpcSLI\/AAAAAAAAInk\/Bxp9ohQVg2o\/s1600\/radiolloret.png\" \/><\/a>&nbsp; &nbsp; &nbsp; &nbsp; &nbsp; &nbsp; &nbsp; &nbsp;&nbsp;<a href=\"https:\/\/plus.google.com\/photos\/115961018478495099831\/albums\/6129865757297979409?banner=pwa\" target=\"_blank\"><img loading=\"lazy\" decoding=\"async\" border=\"0\" src=\"http:\/\/3.bp.blogspot.com\/-Yw-ftsuXYHc\/VRGoiFjBiDI\/AAAAAAAAE-g\/pGnot1ReFa8\/w570-h776-no\/CIMG1545.JPG\" height=\"200\" width=\"146\" \/><\/a><\/div>\n<div style=\"clear: both; text-align: left;\"><\/div>\n<div style=\"clear: both; text-align: left;\"><\/div>\n<div style=\"clear: both; text-align: left;\"><\/div>\n<div style=\"clear: both; text-align: left;\">(Cliqueu a les imatges)<\/div>\n<p><\/p>\n","protected":false},"excerpt":{"rendered":"<p>Aqu\u00ed teniu &nbsp;l&#8217;entrevista que ens han fet a Infantil i Prim\u00e0ria amb motiu de la setmana de <a href=\"http:\/\/englishu2.blogspot.com.es\/\" target=\"_blank\">l&#8217;English Week<\/a>,&nbsp;en el programa &#8220;PAIDEIA&#8221; de Nova R\u00e0dio Lloret.<br \/>\n&nbsp; &nbsp; &nbsp; &nbsp;&nbsp;<a href=\"https:\/\/drive.google.com\/file\/d\/0B2-lS6m7LCGFWHk3b2REeXBvNEU\/view?usp=sharing\" target=\"_blank\"><\/a>&nbsp; &nbsp; &nbsp; &nbsp; &nbsp; &nbsp; &nbsp; &nbsp;&nbsp;<a href=\"https:\/\/plus.google.com\/photos\/115961018478495099831\/albums\/6129865757297979409?banner=pwa\" target=\"_blank\"><\/a><\/p>\n<p>(Cliqueu a les imatges)<\/p>\n","protected":false},"author":1,"featured_media":0,"comment_status":"open","ping_status":"closed","sticky":false,"template":"","format":"standard","meta":{"_bbp_topic_count":0,"_bbp_reply_count":0,"_bbp_total_topic_count":0,"_bbp_total_reply_count":0,"_bbp_voice_count":0,"_bbp_anonymous_reply_count":0,"_bbp_topic_count_hidden":0,"_bbp_reply_count_hidden":0,"_bbp_forum_subforum_count":0,"footnotes":""},"categories":[120,29],"tags":[],"class_list":["post-3521","post","type-post","status-publish","format-standard","hentry","category-2014-15","category-portada"],"post_mailing_queue_ids":[],"_links":{"self":[{"href":"https:\/\/agora.xtec.cat\/col-imma-lloret\/wp-json\/wp\/v2\/posts\/3521","targetHints":{"allow":["GET"]}}],"collection":[{"href":"https:\/\/agora.xtec.cat\/col-imma-lloret\/wp-json\/wp\/v2\/posts"}],"about":[{"href":"https:\/\/agora.xtec.cat\/col-imma-lloret\/wp-json\/wp\/v2\/types\/post"}],"author":[{"embeddable":true,"href":"https:\/\/agora.xtec.cat\/col-imma-lloret\/wp-json\/wp\/v2\/users\/1"}],"replies":[{"embeddable":true,"href":"https:\/\/agora.xtec.cat\/col-imma-lloret\/wp-json\/wp\/v2\/comments?post=3521"}],"version-history":[{"count":0,"href":"https:\/\/agora.xtec.cat\/col-imma-lloret\/wp-json\/wp\/v2\/posts\/3521\/revisions"}],"wp:attachment":[{"href":"https:\/\/agora.xtec.cat\/col-imma-lloret\/wp-json\/wp\/v2\/media?parent=3521"}],"wp:term":[{"taxonomy":"category","embeddable":true,"href":"https:\/\/agora.xtec.cat\/col-imma-lloret\/wp-json\/wp\/v2\/categories?post=3521"},{"taxonomy":"post_tag","embeddable":true,"href":"https:\/\/agora.xtec.cat\/col-imma-lloret\/wp-json\/wp\/v2\/tags?post=3521"}],"curies":[{"name":"wp","href":"https:\/\/api.w.org\/{rel}","templated":true}]}}